{"id":1044,"date":"2025-05-27T16:30:56","date_gmt":"2025-05-27T16:30:56","guid":{"rendered":"https:\/\/ugard.org\/?p=1044"},"modified":"2025-05-27T16:30:57","modified_gmt":"2025-05-27T16:30:57","slug":"avrupa-dayanisma-programi-kapsaminda-almanyadaydik","status":"publish","type":"post","link":"https:\/\/ugard.org.tr\/index.php\/2025\/05\/27\/avrupa-dayanisma-programi-kapsaminda-almanyadaydik\/","title":{"rendered":"Avrupa Dayan\u0131\u015fma Program\u0131 Kapsam\u0131nda Almanya&#8217;dayd\u0131k!"},"content":{"rendered":"\n<p>Dernek g\u00f6n\u00fcll\u00fcm\u00fcz Zeynep Ada Kurt 16-19 May\u0131s 2025 tarihleri aras\u0131nda Almanya&#8217;da ger\u00e7ekle\u015fen haz\u0131rl\u0131k toplant\u0131s\u0131na kat\u0131ld\u0131.<\/p>\n\n\n\n<p>Bu heyecan verici proje; Almanya, Ukrayna, G\u00fcrcistan ve T\u00fcrkiye&#8217;den 18-30 ya\u015f aras\u0131 gen\u00e7leri bir araya getiriyor. Her \u00fclkeden 4 kat\u0131l\u0131mc\u0131n\u0131n yer alaca\u011f\u0131 bu uluslararas\u0131 bulu\u015fmada:<\/p>\n\n\n\n<p>\u2705 Kapsay\u0131c\u0131 proje tasar\u0131m\u0131,<br>\u2705 Biyografik hikaye anlat\u0131m\u0131,<br>\u2705 Senaryo yaz\u0131m\u0131 &amp; video prod\u00fcksiyonu,<br>\u2705 Medya okuryazarl\u0131\u011f\u0131 ve karakter geli\u015ftirme gibi konular ele al\u0131nacak.<\/p>\n\n\n\n<p>Ana toplant\u0131 ise 2-16 Temmuz 2025 tarihlerinde yine Almanya\u2019da ger\u00e7ekle\u015fecek. Takipte kal\u0131n, detaylar\u0131 ve deneyimleri payla\u015fmaya devam edece\u011fiz!<\/p>\n\n\n\n<p>#esc #gen\u00e7likprojeleri #almanya #gen\u00e7likprojeleri<\/p>\n\n\n\n<figure class=\"wp-block-image size-large\"><img loading=\"lazy\" decoding=\"async\" width=\"1024\" height=\"576\" src=\"https:\/\/ugard.org\/wp-content\/uploads\/2025\/05\/WhatsApp-Image-2025-05-27-at-19.26.33-1024x576.jpeg\" alt=\"\" class=\"wp-image-1045\" srcset=\"https:\/\/ugard.org.tr\/wp-content\/uploads\/2025\/05\/WhatsApp-Image-2025-05-27-at-19.26.33-1024x576.jpeg 1024w, https:\/\/ugard.org.tr\/wp-content\/uploads\/2025\/05\/WhatsApp-Image-2025-05-27-at-19.26.33-300x169.jpeg 300w, https:\/\/ugard.org.tr\/wp-content\/uploads\/2025\/05\/WhatsApp-Image-2025-05-27-at-19.26.33-768x432.jpeg 768w, https:\/\/ugard.org.tr\/wp-content\/uploads\/2025\/05\/WhatsApp-Image-2025-05-27-at-19.26.33-1536x864.jpeg 1536w, https:\/\/ugard.org.tr\/wp-content\/uploads\/2025\/05\/WhatsApp-Image-2025-05-27-at-19.26.33.jpeg 1600w\" sizes=\"auto, (max-width: 1024px) 100vw, 1024px\" \/><\/figure>\n","protected":false},"excerpt":{"rendered":"<p>Dernek g\u00f6n\u00fcll\u00fcm\u00fcz Zeynep Ada Kurt 16-19 May\u0131s 2025 tarihleri aras\u0131nda Almanya&#8217;da ger\u00e7ekle\u015fen haz\u0131rl\u0131k toplant\u0131s\u0131na kat\u0131ld\u0131. Bu heyecan verici proje; Almanya, Ukrayna, G\u00fcrcistan ve T\u00fcrkiye&#8217;den 18-30 ya\u015f aras\u0131 gen\u00e7leri bir araya getiriyor. Her \u00fclkeden 4 kat\u0131l\u0131mc\u0131n\u0131n yer alaca\u011f\u0131 bu uluslararas\u0131 bulu\u015fmada: \u2705 Kapsay\u0131c\u0131 proje tasar\u0131m\u0131,\u2705 Biyografik hikaye anlat\u0131m\u0131,\u2705 Senaryo yaz\u0131m\u0131 &amp; video prod\u00fcksiyonu,\u2705 Medya okuryazarl\u0131\u011f\u0131 ve [&hellip;]<\/p>\n","protected":false},"author":1,"featured_media":1045,"comment_status":"closed","ping_status":"open","sticky":false,"template":"","format":"standard","meta":{"footnotes":""},"categories":[10,9],"tags":[5,18,23,6,42],"class_list":["post-1044","post","type-post","status-publish","format-standard","has-post-thumbnail","hentry","category-duyuru","category-haberler","tag-engelli-haklari","tag-gonullu","tag-gonulluluk","tag-platform","tag-sivil-toplum"],"_links":{"self":[{"href":"https:\/\/ugard.org.tr\/index.php\/wp-json\/wp\/v2\/posts\/1044","targetHints":{"allow":["GET"]}}],"collection":[{"href":"https:\/\/ugard.org.tr\/index.php\/wp-json\/wp\/v2\/posts"}],"about":[{"href":"https:\/\/ugard.org.tr\/index.php\/wp-json\/wp\/v2\/types\/post"}],"author":[{"embeddable":true,"href":"https:\/\/ugard.org.tr\/index.php\/wp-json\/wp\/v2\/users\/1"}],"replies":[{"embeddable":true,"href":"https:\/\/ugard.org.tr\/index.php\/wp-json\/wp\/v2\/comments?post=1044"}],"version-history":[{"count":0,"href":"https:\/\/ugard.org.tr\/index.php\/wp-json\/wp\/v2\/posts\/1044\/revisions"}],"wp:featuredmedia":[{"embeddable":true,"href":"https:\/\/ugard.org.tr\/index.php\/wp-json\/wp\/v2\/media\/1045"}],"wp:attachment":[{"href":"https:\/\/ugard.org.tr\/index.php\/wp-json\/wp\/v2\/media?parent=1044"}],"wp:term":[{"taxonomy":"category","embeddable":true,"href":"https:\/\/ugard.org.tr\/index.php\/wp-json\/wp\/v2\/categories?post=1044"},{"taxonomy":"post_tag","embeddable":true,"href":"https:\/\/ugard.org.tr\/index.php\/wp-json\/wp\/v2\/tags?post=1044"}],"curies":[{"name":"wp","href":"https:\/\/api.w.org\/{rel}","templated":true}]}}