{"id":1191,"date":"2025-10-21T13:53:22","date_gmt":"2025-10-21T13:53:22","guid":{"rendered":"https:\/\/ugard.org\/?p=1191"},"modified":"2025-10-21T13:53:23","modified_gmt":"2025-10-21T13:53:23","slug":"uluslararasi-genc-arayis-derneginin-hikayesi-ekim-zamaninda","status":"publish","type":"post","link":"https:\/\/ugard.org.tr\/index.php\/2025\/10\/21\/uluslararasi-genc-arayis-derneginin-hikayesi-ekim-zamaninda\/","title":{"rendered":"Uluslararas\u0131 Gen\u00e7 Aray\u0131\u015f Derne\u011fi&#8217;nin Hikayesi \u201cEkim Zaman\u0131\u201dnda!"},"content":{"rendered":"\n<p>Sabanc\u0131 Vakf\u0131\u2019n\u0131n ev sahipli\u011finde d\u00fczenlenen \u201cEkim Zaman\u0131\u201d bulu\u015fmalar\u0131nda bu kez Uluslararas\u0131 Gen\u00e7 Aray\u0131\u015f Derne\u011fi olarak bizim hikayemiz anlat\u0131lacak!<br>Gen\u00e7lerin dayan\u0131\u015fma, \u00fcretkenlik ve toplumsal kat\u0131l\u0131m temelli \u00e7al\u0131\u015fmalar\u0131n\u0131 yak\u0131ndan tan\u0131mak i\u00e7in siz de bu \u00f6zel etkinli\u011fe davetlisiniz.<\/p>\n\n\n\n<p>\ud83d\udcc5 <strong>Tarih:<\/strong> 24 Ekim Cuma<br>\ud83d\udccd <strong>Yer:<\/strong> Sabanc\u0131 Center<br>\ud83d\udd65 <strong>Saat:<\/strong> 10.30 &#8211; 13.00<\/p>\n\n\n\n<p>Etkinli\u011fi <strong>Sabanc\u0131 Vakf\u0131 YouTube kanal\u0131ndan (@SabanciVakfi)<\/strong> canl\u0131 olarak izleyebilirsiniz.<\/p>\n\n\n\n<p>Birlikte daha kapsay\u0131c\u0131 bir gelecek i\u00e7in #EkimZaman\u0131\u2019nda bulu\u015fal\u0131m! \ud83c\udf31<\/p>\n","protected":false},"excerpt":{"rendered":"<p>Sabanc\u0131 Vakf\u0131\u2019n\u0131n ev sahipli\u011finde d\u00fczenlenen \u201cEkim Zaman\u0131\u201d bulu\u015fmalar\u0131nda bu kez Uluslararas\u0131 Gen\u00e7 Aray\u0131\u015f Derne\u011fi olarak bizim hikayemiz anlat\u0131lacak!Gen\u00e7lerin dayan\u0131\u015fma, \u00fcretkenlik ve toplumsal kat\u0131l\u0131m temelli \u00e7al\u0131\u015fmalar\u0131n\u0131 yak\u0131ndan tan\u0131mak i\u00e7in siz de bu \u00f6zel etkinli\u011fe davetlisiniz. \ud83d\udcc5 Tarih: 24 Ekim Cuma\ud83d\udccd Yer: Sabanc\u0131 Center\ud83d\udd65 Saat: 10.30 &#8211; 13.00 Etkinli\u011fi Sabanc\u0131 Vakf\u0131 YouTube kanal\u0131ndan (@SabanciVakfi) canl\u0131 olarak izleyebilirsiniz. [&hellip;]<\/p>\n","protected":false},"author":1,"featured_media":1192,"comment_status":"closed","ping_status":"open","sticky":false,"template":"","format":"standard","meta":{"footnotes":""},"categories":[10,9],"tags":[5,31,7,23,42],"class_list":["post-1191","post","type-post","status-publish","format-standard","has-post-thumbnail","hentry","category-duyuru","category-haberler","tag-engelli-haklari","tag-erasmus","tag-genclik","tag-gonulluluk","tag-sivil-toplum"],"_links":{"self":[{"href":"https:\/\/ugard.org.tr\/index.php\/wp-json\/wp\/v2\/posts\/1191","targetHints":{"allow":["GET"]}}],"collection":[{"href":"https:\/\/ugard.org.tr\/index.php\/wp-json\/wp\/v2\/posts"}],"about":[{"href":"https:\/\/ugard.org.tr\/index.php\/wp-json\/wp\/v2\/types\/post"}],"author":[{"embeddable":true,"href":"https:\/\/ugard.org.tr\/index.php\/wp-json\/wp\/v2\/users\/1"}],"replies":[{"embeddable":true,"href":"https:\/\/ugard.org.tr\/index.php\/wp-json\/wp\/v2\/comments?post=1191"}],"version-history":[{"count":0,"href":"https:\/\/ugard.org.tr\/index.php\/wp-json\/wp\/v2\/posts\/1191\/revisions"}],"wp:featuredmedia":[{"embeddable":true,"href":"https:\/\/ugard.org.tr\/index.php\/wp-json\/wp\/v2\/media\/1192"}],"wp:attachment":[{"href":"https:\/\/ugard.org.tr\/index.php\/wp-json\/wp\/v2\/media?parent=1191"}],"wp:term":[{"taxonomy":"category","embeddable":true,"href":"https:\/\/ugard.org.tr\/index.php\/wp-json\/wp\/v2\/categories?post=1191"},{"taxonomy":"post_tag","embeddable":true,"href":"https:\/\/ugard.org.tr\/index.php\/wp-json\/wp\/v2\/tags?post=1191"}],"curies":[{"name":"wp","href":"https:\/\/api.w.org\/{rel}","templated":true}]}}