{"id":1217,"date":"2025-11-12T07:56:41","date_gmt":"2025-11-12T07:56:41","guid":{"rendered":"https:\/\/ugard.org\/?p=1217"},"modified":"2025-11-12T07:56:42","modified_gmt":"2025-11-12T07:56:42","slug":"samsun-uye-ve-gonullulerimizle-bir-araya-geldik","status":"publish","type":"post","link":"https:\/\/ugard.org.tr\/index.php\/2025\/11\/12\/samsun-uye-ve-gonullulerimizle-bir-araya-geldik\/","title":{"rendered":"Samsun \u00fcye ve g\u00f6n\u00fcll\u00fclerimizle bir araya geldik!"},"content":{"rendered":"\n<p>Uzun bir aradan sonra yeniden bulu\u015fman\u0131n heyecan\u0131n\u0131 ve mutlulu\u011funu ya\u015fad\u0131k. Dernek binam\u0131zda bir araya gelerek birbirimizi yeniden g\u00f6rmek, sohbet etmek ve birlikte vakit ge\u00e7irmek hepimize \u00e7ok iyi geldi. <\/p>\n\n\n\n<p>G\u00fcn boyunca birbirinden e\u011flenceli oyunlar oynad\u0131k, bol bol g\u00fcld\u00fck, keyifli sohbetler ettik ve en \u00f6nemlisi hep birlikte g\u00fczel an\u0131lar biriktirdik.<br>Bu bulu\u015fma sayesinde hem ekibimizin enerjisini tazeledik hem de g\u00f6n\u00fcll\u00fcl\u00fck ruhunun ne kadar g\u00fc\u00e7l\u00fc oldu\u011funu bir kez daha hissettik. <\/p>\n\n\n\n<p>Birlikte hareket etmenin, payla\u015fman\u0131n ve dayan\u0131\u015fman\u0131n g\u00fcc\u00fcyle daha g\u00fczel projelere imza ataca\u011f\u0131m\u0131za inan\u0131yoruz.<br>\u0130yi ki vars\u0131n\u0131z #Samsun ekibimiz! <\/p>\n\n\n\n<p>#ugard #samsun #g\u00f6n\u00fcll\u00fcl\u00fck #birlikteg\u00fc\u00e7l\u00fcy\u00fcz #ugardfamily #gen\u00e7lik #dayan\u0131\u015fma #umut #birlikteba\u015faraca\u011f\u0131z<\/p>\n","protected":false},"excerpt":{"rendered":"<p>Uzun bir aradan sonra yeniden bulu\u015fman\u0131n heyecan\u0131n\u0131 ve mutlulu\u011funu ya\u015fad\u0131k. Dernek binam\u0131zda bir araya gelerek birbirimizi yeniden g\u00f6rmek, sohbet etmek ve birlikte vakit ge\u00e7irmek hepimize \u00e7ok iyi geldi. G\u00fcn boyunca birbirinden e\u011flenceli oyunlar oynad\u0131k, bol bol g\u00fcld\u00fck, keyifli sohbetler ettik ve en \u00f6nemlisi hep birlikte g\u00fczel an\u0131lar biriktirdik.Bu bulu\u015fma sayesinde hem ekibimizin enerjisini tazeledik hem [&hellip;]<\/p>\n","protected":false},"author":1,"featured_media":1218,"comment_status":"closed","ping_status":"open","sticky":false,"template":"","format":"standard","meta":{"footnotes":""},"categories":[10,9],"tags":[5,31,7,18,23,8,42],"class_list":["post-1217","post","type-post","status-publish","format-standard","has-post-thumbnail","hentry","category-duyuru","category-haberler","tag-engelli-haklari","tag-erasmus","tag-genclik","tag-gonullu","tag-gonulluluk","tag-savunuculuk","tag-sivil-toplum"],"_links":{"self":[{"href":"https:\/\/ugard.org.tr\/index.php\/wp-json\/wp\/v2\/posts\/1217","targetHints":{"allow":["GET"]}}],"collection":[{"href":"https:\/\/ugard.org.tr\/index.php\/wp-json\/wp\/v2\/posts"}],"about":[{"href":"https:\/\/ugard.org.tr\/index.php\/wp-json\/wp\/v2\/types\/post"}],"author":[{"embeddable":true,"href":"https:\/\/ugard.org.tr\/index.php\/wp-json\/wp\/v2\/users\/1"}],"replies":[{"embeddable":true,"href":"https:\/\/ugard.org.tr\/index.php\/wp-json\/wp\/v2\/comments?post=1217"}],"version-history":[{"count":0,"href":"https:\/\/ugard.org.tr\/index.php\/wp-json\/wp\/v2\/posts\/1217\/revisions"}],"wp:featuredmedia":[{"embeddable":true,"href":"https:\/\/ugard.org.tr\/index.php\/wp-json\/wp\/v2\/media\/1218"}],"wp:attachment":[{"href":"https:\/\/ugard.org.tr\/index.php\/wp-json\/wp\/v2\/media?parent=1217"}],"wp:term":[{"taxonomy":"category","embeddable":true,"href":"https:\/\/ugard.org.tr\/index.php\/wp-json\/wp\/v2\/categories?post=1217"},{"taxonomy":"post_tag","embeddable":true,"href":"https:\/\/ugard.org.tr\/index.php\/wp-json\/wp\/v2\/tags?post=1217"}],"curies":[{"name":"wp","href":"https:\/\/api.w.org\/{rel}","templated":true}]}}