{"id":1321,"date":"2026-03-11T12:04:33","date_gmt":"2026-03-11T09:04:33","guid":{"rendered":"https:\/\/ugard.org.tr\/?p=1321"},"modified":"2026-03-11T12:04:33","modified_gmt":"2026-03-11T09:04:33","slug":"dernegimizden-zero-project-konferansina-katilim-saglandi","status":"publish","type":"post","link":"https:\/\/ugard.org.tr\/index.php\/2026\/03\/11\/dernegimizden-zero-project-konferansina-katilim-saglandi\/","title":{"rendered":"Derne\u011fimizden Zero Project Konferans\u0131\u2019na Kat\u0131l\u0131m Sa\u011fland\u0131!"},"content":{"rendered":"\n<p>Her y\u0131l \u015eubat ay\u0131nda Avusturya\u2019da d\u00fczenlenen ve engellilik alan\u0131nda d\u00fcnyan\u0131n en \u00f6nemli etkinliklerinden biri olarak kabul edilen Zero Project Konferans\u0131, 18\u201320 \u015eubat 2026 tarihleri aras\u0131nda ger\u00e7ekle\u015ftirildi. \u00dc\u00e7 g\u00fcn s\u00fcren konferans, Birle\u015fmi\u015f Milletler Viyana Ofisi ev sahipli\u011finde d\u00fczenlendi.<\/p>\n\n\n\n<p>2026 y\u0131l\u0131 konferans\u0131n\u0131n \u00e7a\u011fr\u0131s\u0131 olan #ZeroCall26, bu y\u0131l \u00fc\u00e7 temel temaya odakland\u0131:<\/p>\n\n\n\n<ul class=\"wp-block-list\">\n<li>Eri\u015filebilirlik (Accessibility)<\/li>\n\n\n\n<li>Bilgi ve \u0130leti\u015fim Teknolojileri \u2013 ICT (Information and Communications Technology)<\/li>\n\n\n\n<li>Krizlere M\u00fcdahale (Crisis Response)<\/li>\n<\/ul>\n\n\n\n<p>Konferans kapsam\u0131nda \u00f6zellikle krizlere m\u00fcdahale s\u00fcre\u00e7lerinde eri\u015filebilirlik konusu ele al\u0131narak, engelli bireylerin g\u00fcvenli\u011fini ve ihtiya\u00e7lar\u0131n\u0131 \u00f6nceleyen yenilik\u00e7i \u00e7\u00f6z\u00fcmler tart\u0131\u015f\u0131ld\u0131. Bu \u00e7er\u00e7evede a\u015fa\u011f\u0131daki ba\u015fl\u0131klar \u00f6ne \u00e7\u0131kt\u0131:<\/p>\n\n\n\n<ul class=\"wp-block-list\">\n<li>Afet Riskini Azaltma (Disaster Risk Reduction)<\/li>\n\n\n\n<li>\u0130nsani Yard\u0131m (Humanitarian Assistance)<\/li>\n\n\n\n<li>Saha \/ \u00d6n Saf \u00c7al\u0131\u015fanlar\u0131 (Frontline Workers)<\/li>\n\n\n\n<li>Engellilik Kapsay\u0131c\u0131 \u0130klim Eylemi (Disability-Inclusive Climate Action)<\/li>\n\n\n\n<li>Acil Durumlara Haz\u0131rl\u0131k ve M\u00fcdahale (Emergency Preparedness and Response)<\/li>\n<\/ul>\n\n\n\n<p>Derne\u011fimiz, engelli bireylerin uluslararas\u0131 platformlarda temsil edilmesini ve deneyim payla\u015f\u0131m\u0131n\u0131 desteklemek amac\u0131yla bu y\u0131lki konferansa bedensel engelli bir kat\u0131l\u0131mc\u0131 g\u00f6ndererek etkinlikte yer ald\u0131. Kat\u0131l\u0131mc\u0131m\u0131z, konferans boyunca eri\u015filebilirlik, afet y\u00f6netimi ve kriz anlar\u0131nda engelli bireylerin korunmas\u0131na y\u00f6nelik iyi uygulama \u00f6rneklerini takip etme ve uluslararas\u0131 payda\u015flarla bilgi al\u0131\u015fveri\u015finde bulunma f\u0131rsat\u0131 elde etti.<\/p>\n\n\n\n<p>Bu t\u00fcr uluslararas\u0131 etkinlikler, engelli bireylerin haklar\u0131n\u0131n g\u00fc\u00e7lendirilmesi, kapsay\u0131c\u0131 politikalar\u0131n geli\u015ftirilmesi ve farkl\u0131 \u00fclkelerdeki iyi uygulamalar\u0131n payla\u015f\u0131lmas\u0131 a\u00e7\u0131s\u0131ndan b\u00fcy\u00fck \u00f6nem ta\u015f\u0131maktad\u0131r. Derne\u011fimiz de bu alandaki \u00e7al\u0131\u015fmalar\u0131n\u0131 s\u00fcrd\u00fcrerek, engelli bireylerin toplumsal hayata e\u015fit ve eri\u015filebilir \u015fekilde kat\u0131l\u0131m\u0131n\u0131 desteklemeye devam edecektir.<\/p>\n\n\n\n<p>#zeroproject #eri\u015filebilirlik <\/p>\n","protected":false},"excerpt":{"rendered":"<p>Her y\u0131l \u015eubat ay\u0131nda Avusturya\u2019da d\u00fczenlenen ve engellilik alan\u0131nda d\u00fcnyan\u0131n en \u00f6nemli etkinliklerinden biri olarak kabul edilen Zero Project Konferans\u0131, 18\u201320 \u015eubat 2026 tarihleri aras\u0131nda ger\u00e7ekle\u015ftirildi. \u00dc\u00e7 g\u00fcn s\u00fcren konferans, Birle\u015fmi\u015f Milletler Viyana Ofisi ev sahipli\u011finde d\u00fczenlendi. 2026 y\u0131l\u0131 konferans\u0131n\u0131n \u00e7a\u011fr\u0131s\u0131 olan #ZeroCall26, bu y\u0131l \u00fc\u00e7 temel temaya odakland\u0131: Konferans kapsam\u0131nda \u00f6zellikle krizlere m\u00fcdahale s\u00fcre\u00e7lerinde [&hellip;]<\/p>\n","protected":false},"author":1,"featured_media":1322,"comment_status":"open","ping_status":"open","sticky":false,"template":"","format":"standard","meta":{"footnotes":""},"categories":[10,9],"tags":[5,7,23,42],"class_list":["post-1321","post","type-post","status-publish","format-standard","has-post-thumbnail","hentry","category-duyuru","category-haberler","tag-engelli-haklari","tag-genclik","tag-gonulluluk","tag-sivil-toplum"],"_links":{"self":[{"href":"https:\/\/ugard.org.tr\/index.php\/wp-json\/wp\/v2\/posts\/1321","targetHints":{"allow":["GET"]}}],"collection":[{"href":"https:\/\/ugard.org.tr\/index.php\/wp-json\/wp\/v2\/posts"}],"about":[{"href":"https:\/\/ugard.org.tr\/index.php\/wp-json\/wp\/v2\/types\/post"}],"author":[{"embeddable":true,"href":"https:\/\/ugard.org.tr\/index.php\/wp-json\/wp\/v2\/users\/1"}],"replies":[{"embeddable":true,"href":"https:\/\/ugard.org.tr\/index.php\/wp-json\/wp\/v2\/comments?post=1321"}],"version-history":[{"count":1,"href":"https:\/\/ugard.org.tr\/index.php\/wp-json\/wp\/v2\/posts\/1321\/revisions"}],"predecessor-version":[{"id":1323,"href":"https:\/\/ugard.org.tr\/index.php\/wp-json\/wp\/v2\/posts\/1321\/revisions\/1323"}],"wp:featuredmedia":[{"embeddable":true,"href":"https:\/\/ugard.org.tr\/index.php\/wp-json\/wp\/v2\/media\/1322"}],"wp:attachment":[{"href":"https:\/\/ugard.org.tr\/index.php\/wp-json\/wp\/v2\/media?parent=1321"}],"wp:term":[{"taxonomy":"category","embeddable":true,"href":"https:\/\/ugard.org.tr\/index.php\/wp-json\/wp\/v2\/categories?post=1321"},{"taxonomy":"post_tag","embeddable":true,"href":"https:\/\/ugard.org.tr\/index.php\/wp-json\/wp\/v2\/tags?post=1321"}],"curies":[{"name":"wp","href":"https:\/\/api.w.org\/{rel}","templated":true}]}}