{"id":1324,"date":"2026-03-11T12:11:12","date_gmt":"2026-03-11T09:11:12","guid":{"rendered":"https:\/\/ugard.org.tr\/?p=1324"},"modified":"2026-03-11T12:11:12","modified_gmt":"2026-03-11T09:11:12","slug":"iletisim-ve-medya-komisyonu-toplantimizi-gerceklestirdik","status":"publish","type":"post","link":"https:\/\/ugard.org.tr\/index.php\/2026\/03\/11\/iletisim-ve-medya-komisyonu-toplantimizi-gerceklestirdik\/","title":{"rendered":"\u0130leti\u015fim ve Medya Komisyonu Toplant\u0131m\u0131z\u0131 Ger\u00e7ekle\u015ftirdik!"},"content":{"rendered":"\n<p>Uluslararas\u0131 Gen\u00e7 Aray\u0131\u015f Derne\u011fi b\u00fcnyesinde faaliyet g\u00f6steren \u0130leti\u015fim ve Medya Komisyonu, 24 \u015eubat 2026 tarihinde \u00e7evrim i\u00e7i toplant\u0131s\u0131n\u0131 ger\u00e7ekle\u015ftirdi.<\/p>\n\n\n\n<p>Toplant\u0131da komisyon \u00fcye ve g\u00f6n\u00fcll\u00fcleri bir araya gelerek derne\u011fin ileti\u015fim faaliyetleri kapsam\u0131nda y\u00fcr\u00fct\u00fclen mevcut \u00e7al\u0131\u015fmalar\u0131 de\u011ferlendirdi. Bunun yan\u0131 s\u0131ra, \u00f6n\u00fcm\u00fczdeki d\u00f6nemde hayata ge\u00e7irilmesi planlanan projeler ve ileti\u015fim stratejileri hakk\u0131nda fikir al\u0131\u015fveri\u015finde bulunuldu.<\/p>\n\n\n\n<p>Olduk\u00e7a verimli ve samimi bir atmosferde ger\u00e7ekle\u015fen toplant\u0131, \u00fcyelerin katk\u0131lar\u0131yla yeni fikirlerin ortaya \u00e7\u0131kt\u0131\u011f\u0131 \u00f6nemli bir bulu\u015fma oldu.<\/p>\n\n\n\n<p>Toplant\u0131ya katk\u0131 sunan ve emek veren t\u00fcm komisyon \u00fcye ve g\u00f6n\u00fcll\u00fclerimize te\u015fekk\u00fcr ederiz.<\/p>\n\n\n\n<p>#ugard #komisyon<\/p>\n","protected":false},"excerpt":{"rendered":"<p>Uluslararas\u0131 Gen\u00e7 Aray\u0131\u015f Derne\u011fi b\u00fcnyesinde faaliyet g\u00f6steren \u0130leti\u015fim ve Medya Komisyonu, 24 \u015eubat 2026 tarihinde \u00e7evrim i\u00e7i toplant\u0131s\u0131n\u0131 ger\u00e7ekle\u015ftirdi. Toplant\u0131da komisyon \u00fcye ve g\u00f6n\u00fcll\u00fcleri bir araya gelerek derne\u011fin ileti\u015fim faaliyetleri kapsam\u0131nda y\u00fcr\u00fct\u00fclen mevcut \u00e7al\u0131\u015fmalar\u0131 de\u011ferlendirdi. Bunun yan\u0131 s\u0131ra, \u00f6n\u00fcm\u00fczdeki d\u00f6nemde hayata ge\u00e7irilmesi planlanan projeler ve ileti\u015fim stratejileri hakk\u0131nda fikir al\u0131\u015fveri\u015finde bulunuldu. Olduk\u00e7a verimli ve samimi [&hellip;]<\/p>\n","protected":false},"author":1,"featured_media":1325,"comment_status":"open","ping_status":"open","sticky":false,"template":"","format":"standard","meta":{"footnotes":""},"categories":[10,9],"tags":[23,42,17],"class_list":["post-1324","post","type-post","status-publish","format-standard","has-post-thumbnail","hentry","category-duyuru","category-haberler","tag-gonulluluk","tag-sivil-toplum","tag-uye"],"_links":{"self":[{"href":"https:\/\/ugard.org.tr\/index.php\/wp-json\/wp\/v2\/posts\/1324","targetHints":{"allow":["GET"]}}],"collection":[{"href":"https:\/\/ugard.org.tr\/index.php\/wp-json\/wp\/v2\/posts"}],"about":[{"href":"https:\/\/ugard.org.tr\/index.php\/wp-json\/wp\/v2\/types\/post"}],"author":[{"embeddable":true,"href":"https:\/\/ugard.org.tr\/index.php\/wp-json\/wp\/v2\/users\/1"}],"replies":[{"embeddable":true,"href":"https:\/\/ugard.org.tr\/index.php\/wp-json\/wp\/v2\/comments?post=1324"}],"version-history":[{"count":1,"href":"https:\/\/ugard.org.tr\/index.php\/wp-json\/wp\/v2\/posts\/1324\/revisions"}],"predecessor-version":[{"id":1326,"href":"https:\/\/ugard.org.tr\/index.php\/wp-json\/wp\/v2\/posts\/1324\/revisions\/1326"}],"wp:featuredmedia":[{"embeddable":true,"href":"https:\/\/ugard.org.tr\/index.php\/wp-json\/wp\/v2\/media\/1325"}],"wp:attachment":[{"href":"https:\/\/ugard.org.tr\/index.php\/wp-json\/wp\/v2\/media?parent=1324"}],"wp:term":[{"taxonomy":"category","embeddable":true,"href":"https:\/\/ugard.org.tr\/index.php\/wp-json\/wp\/v2\/categories?post=1324"},{"taxonomy":"post_tag","embeddable":true,"href":"https:\/\/ugard.org.tr\/index.php\/wp-json\/wp\/v2\/tags?post=1324"}],"curies":[{"name":"wp","href":"https:\/\/api.w.org\/{rel}","templated":true}]}}