{"id":1327,"date":"2026-03-11T12:17:47","date_gmt":"2026-03-11T09:17:47","guid":{"rendered":"https:\/\/ugard.org.tr\/?p=1327"},"modified":"2026-03-11T12:17:47","modified_gmt":"2026-03-11T09:17:47","slug":"youth-work-2-0-unlocking-potential-with-ai-projesi-acilis-toplantisi-gerceklestirildi","status":"publish","type":"post","link":"https:\/\/ugard.org.tr\/index.php\/2026\/03\/11\/youth-work-2-0-unlocking-potential-with-ai-projesi-acilis-toplantisi-gerceklestirildi\/","title":{"rendered":"Youth Work 2.0: Unlocking Potential with AI Projesi A\u00e7\u0131l\u0131\u015f Toplant\u0131s\u0131 Ger\u00e7ekle\u015ftirildi!"},"content":{"rendered":"\n<p>Almanya Ulusal Ajans\u0131 taraf\u0131ndan desteklenen orta\u011f\u0131 oldu\u011fumuz Erasmus+ KA210 projesi Youth Work 2.0: Unlocking Potential with AI kapsam\u0131nda a\u00e7\u0131l\u0131\u015f toplant\u0131m\u0131z\u0131 ba\u015far\u0131yla tamamlad\u0131k. <\/p>\n\n\n\n<p>A\u00e7\u0131l\u0131\u015f toplant\u0131s\u0131nda proje ortaklar\u0131 bir araya gelerek gen\u00e7lik \u00e7al\u0131\u015fmalar\u0131nda yapay zeka ara\u00e7lar\u0131n\u0131n daha etkili, bilin\u00e7li ve yarat\u0131c\u0131 \u015fekilde nas\u0131l kullan\u0131labilece\u011fini birlikte de\u011ferlendirdi. Toplant\u0131 s\u00fcresince farkl\u0131 \u00fclkelerden gelen ortaklarla deneyim payla\u015f\u0131m\u0131 yap\u0131l\u0131rken, gen\u00e7lik \u00e7al\u0131\u015fanlar\u0131n\u0131n dijital yetkinliklerini g\u00fc\u00e7lendirmeye y\u00f6nelik \u00e7e\u015fitli yapay zeka ara\u00e7lar\u0131 da birlikte test edildi.<\/p>\n\n\n\n<p>Ayr\u0131ca proje kapsam\u0131nda ger\u00e7ekle\u015ftirilecek di\u011fer faaliyetlerin takvimi netle\u015ftirilerek, \u00f6n\u00fcm\u00fczdeki d\u00f6nemde yap\u0131lacak \u00e7al\u0131\u015fmalar i\u00e7in yol haritas\u0131 olu\u015fturuldu.<\/p>\n\n\n\n<p>Projede birlikte \u00e7al\u0131\u015ft\u0131\u011f\u0131m\u0131z t\u00fcm ortaklar\u0131m\u0131za ve katk\u0131 sunan herkese te\u015fekk\u00fcr ederiz. Dernek olarak gen\u00e7lik \u00e7al\u0131\u015fmalar\u0131nda yapay zekan\u0131n bilin\u00e7li, etik ve yarat\u0131c\u0131 kullan\u0131m\u0131n\u0131 desteklemeye devam edece\u011fiz.<\/p>\n\n\n\n<p>#almanya #yapayzeka #KA210<\/p>\n","protected":false},"excerpt":{"rendered":"<p>Almanya Ulusal Ajans\u0131 taraf\u0131ndan desteklenen orta\u011f\u0131 oldu\u011fumuz Erasmus+ KA210 projesi Youth Work 2.0: Unlocking Potential with AI kapsam\u0131nda a\u00e7\u0131l\u0131\u015f toplant\u0131m\u0131z\u0131 ba\u015far\u0131yla tamamlad\u0131k. A\u00e7\u0131l\u0131\u015f toplant\u0131s\u0131nda proje ortaklar\u0131 bir araya gelerek gen\u00e7lik \u00e7al\u0131\u015fmalar\u0131nda yapay zeka ara\u00e7lar\u0131n\u0131n daha etkili, bilin\u00e7li ve yarat\u0131c\u0131 \u015fekilde nas\u0131l kullan\u0131labilece\u011fini birlikte de\u011ferlendirdi. Toplant\u0131 s\u00fcresince farkl\u0131 \u00fclkelerden gelen ortaklarla deneyim payla\u015f\u0131m\u0131 yap\u0131l\u0131rken, gen\u00e7lik \u00e7al\u0131\u015fanlar\u0131n\u0131n [&hellip;]<\/p>\n","protected":false},"author":1,"featured_media":1328,"comment_status":"open","ping_status":"open","sticky":false,"template":"","format":"standard","meta":{"footnotes":""},"categories":[10,9],"tags":[5,31,7,23,42],"class_list":["post-1327","post","type-post","status-publish","format-standard","has-post-thumbnail","hentry","category-duyuru","category-haberler","tag-engelli-haklari","tag-erasmus","tag-genclik","tag-gonulluluk","tag-sivil-toplum"],"_links":{"self":[{"href":"https:\/\/ugard.org.tr\/index.php\/wp-json\/wp\/v2\/posts\/1327","targetHints":{"allow":["GET"]}}],"collection":[{"href":"https:\/\/ugard.org.tr\/index.php\/wp-json\/wp\/v2\/posts"}],"about":[{"href":"https:\/\/ugard.org.tr\/index.php\/wp-json\/wp\/v2\/types\/post"}],"author":[{"embeddable":true,"href":"https:\/\/ugard.org.tr\/index.php\/wp-json\/wp\/v2\/users\/1"}],"replies":[{"embeddable":true,"href":"https:\/\/ugard.org.tr\/index.php\/wp-json\/wp\/v2\/comments?post=1327"}],"version-history":[{"count":1,"href":"https:\/\/ugard.org.tr\/index.php\/wp-json\/wp\/v2\/posts\/1327\/revisions"}],"predecessor-version":[{"id":1329,"href":"https:\/\/ugard.org.tr\/index.php\/wp-json\/wp\/v2\/posts\/1327\/revisions\/1329"}],"wp:featuredmedia":[{"embeddable":true,"href":"https:\/\/ugard.org.tr\/index.php\/wp-json\/wp\/v2\/media\/1328"}],"wp:attachment":[{"href":"https:\/\/ugard.org.tr\/index.php\/wp-json\/wp\/v2\/media?parent=1327"}],"wp:term":[{"taxonomy":"category","embeddable":true,"href":"https:\/\/ugard.org.tr\/index.php\/wp-json\/wp\/v2\/categories?post=1327"},{"taxonomy":"post_tag","embeddable":true,"href":"https:\/\/ugard.org.tr\/index.php\/wp-json\/wp\/v2\/tags?post=1327"}],"curies":[{"name":"wp","href":"https:\/\/api.w.org\/{rel}","templated":true}]}}