{"id":1330,"date":"2026-03-11T12:37:23","date_gmt":"2026-03-11T09:37:23","guid":{"rendered":"https:\/\/ugard.org.tr\/?p=1330"},"modified":"2026-03-11T12:37:23","modified_gmt":"2026-03-11T09:37:23","slug":"bosna-hersekteki-gonullulerimiz-icin-egitim-semineri-gerceklestirildi","status":"publish","type":"post","link":"https:\/\/ugard.org.tr\/index.php\/2026\/03\/11\/bosna-hersekteki-gonullulerimiz-icin-egitim-semineri-gerceklestirildi\/","title":{"rendered":"Bosna Hersek\u2019teki G\u00f6n\u00fcll\u00fclerimiz \u0130\u00e7in E\u011fitim Semineri Ger\u00e7ekle\u015ftirildi!"},"content":{"rendered":"\n<p>Bosna Hersek\u2019te k\u0131sa d\u00f6nem g\u00f6n\u00fcll\u00fcl\u00fck faaliyetlerine ba\u015flayan kat\u0131l\u0131mc\u0131lar\u0131m\u0131z, program kapsam\u0131ndaki e\u011fitim seminerlerine kat\u0131ld\u0131. Ger\u00e7ekle\u015ftirilen oturumda kat\u0131l\u0131mc\u0131lara dijital g\u00fcvenlik, \u00e7evrimi\u00e7i etkile\u015fimlerde sayg\u0131l\u0131 ileti\u015fim ve g\u00fcvenli internet kullan\u0131m\u0131 konular\u0131nda kapsaml\u0131 bilgiler verildi.<\/p>\n\n\n\n<p>Seminer boyunca \u00f6zellikle \u00e7evrimi\u00e7i ortamlarda ortaya \u00e7\u0131kabilecek zararl\u0131 etkile\u015fimlerin \u00f6nlenmesi ve daha g\u00fcvenli bir dijital ortam olu\u015fturulmas\u0131 \u00fczerine stratejiler ele al\u0131nd\u0131. Kat\u0131l\u0131mc\u0131lar, dijital d\u00fcnyada kar\u015f\u0131la\u015f\u0131labilecek riskler hakk\u0131nda fark\u0131ndal\u0131k kazan\u0131rken ayn\u0131 zamanda bu risklere kar\u015f\u0131 nas\u0131l \u00f6nlem al\u0131nabilece\u011fi konusunda pratik bilgiler edindi.<\/p>\n\n\n\n<p>Dijital g\u00fcvenlik sunumu kapsam\u0131nda \u00e7evrimi\u00e7i tehditler, ki\u015fisel verilerin korunmas\u0131 ve g\u00fcvenli internet kullan\u0131m\u0131 gibi konular detayl\u0131 \u015fekilde ele al\u0131nd\u0131. Oturumda ayr\u0131ca bir okul psikolo\u011fu taraf\u0131ndan siber zorbal\u0131k ve di\u011fer \u00e7evrimi\u00e7i tehditlerin belirtileri hakk\u0131nda bilgilendirme yap\u0131ld\u0131. Kat\u0131l\u0131mc\u0131lara bu t\u00fcr durumlarla kar\u015f\u0131la\u015f\u0131ld\u0131\u011f\u0131nda nas\u0131l etkili \u015fekilde yan\u0131t verilebilece\u011fi ve ma\u011fdurlara nas\u0131l destek sa\u011flanabilece\u011fi konusunda \u00f6neriler sunuldu.<\/p>\n\n\n\n<p>Genel olarak e\u011fitim oturumu, g\u00f6n\u00fcll\u00fclere dijital d\u00fcnyada g\u00fcvenli ve bilin\u00e7li bir \u015fekilde hareket edebilmek i\u00e7in de\u011ferli bilgiler ve uygulanabilir ipu\u00e7lar\u0131 kazand\u0131rd\u0131.<\/p>\n\n\n\n<p>#volunteering #g\u00f6n\u00fcll\u00fcl\u00fck #erasmusplus #europeansolidaritycorps<\/p>\n","protected":false},"excerpt":{"rendered":"<p>Bosna Hersek\u2019te k\u0131sa d\u00f6nem g\u00f6n\u00fcll\u00fcl\u00fck faaliyetlerine ba\u015flayan kat\u0131l\u0131mc\u0131lar\u0131m\u0131z, program kapsam\u0131ndaki e\u011fitim seminerlerine kat\u0131ld\u0131. Ger\u00e7ekle\u015ftirilen oturumda kat\u0131l\u0131mc\u0131lara dijital g\u00fcvenlik, \u00e7evrimi\u00e7i etkile\u015fimlerde sayg\u0131l\u0131 ileti\u015fim ve g\u00fcvenli internet kullan\u0131m\u0131 konular\u0131nda kapsaml\u0131 bilgiler verildi. Seminer boyunca \u00f6zellikle \u00e7evrimi\u00e7i ortamlarda ortaya \u00e7\u0131kabilecek zararl\u0131 etkile\u015fimlerin \u00f6nlenmesi ve daha g\u00fcvenli bir dijital ortam olu\u015fturulmas\u0131 \u00fczerine stratejiler ele al\u0131nd\u0131. Kat\u0131l\u0131mc\u0131lar, dijital d\u00fcnyada kar\u015f\u0131la\u015f\u0131labilecek [&hellip;]<\/p>\n","protected":false},"author":1,"featured_media":1331,"comment_status":"open","ping_status":"open","sticky":false,"template":"","format":"standard","meta":{"footnotes":""},"categories":[10,9],"tags":[7,18,42],"class_list":["post-1330","post","type-post","status-publish","format-standard","has-post-thumbnail","hentry","category-duyuru","category-haberler","tag-genclik","tag-gonullu","tag-sivil-toplum"],"_links":{"self":[{"href":"https:\/\/ugard.org.tr\/index.php\/wp-json\/wp\/v2\/posts\/1330","targetHints":{"allow":["GET"]}}],"collection":[{"href":"https:\/\/ugard.org.tr\/index.php\/wp-json\/wp\/v2\/posts"}],"about":[{"href":"https:\/\/ugard.org.tr\/index.php\/wp-json\/wp\/v2\/types\/post"}],"author":[{"embeddable":true,"href":"https:\/\/ugard.org.tr\/index.php\/wp-json\/wp\/v2\/users\/1"}],"replies":[{"embeddable":true,"href":"https:\/\/ugard.org.tr\/index.php\/wp-json\/wp\/v2\/comments?post=1330"}],"version-history":[{"count":1,"href":"https:\/\/ugard.org.tr\/index.php\/wp-json\/wp\/v2\/posts\/1330\/revisions"}],"predecessor-version":[{"id":1332,"href":"https:\/\/ugard.org.tr\/index.php\/wp-json\/wp\/v2\/posts\/1330\/revisions\/1332"}],"wp:featuredmedia":[{"embeddable":true,"href":"https:\/\/ugard.org.tr\/index.php\/wp-json\/wp\/v2\/media\/1331"}],"wp:attachment":[{"href":"https:\/\/ugard.org.tr\/index.php\/wp-json\/wp\/v2\/media?parent=1330"}],"wp:term":[{"taxonomy":"category","embeddable":true,"href":"https:\/\/ugard.org.tr\/index.php\/wp-json\/wp\/v2\/categories?post=1330"},{"taxonomy":"post_tag","embeddable":true,"href":"https:\/\/ugard.org.tr\/index.php\/wp-json\/wp\/v2\/tags?post=1330"}],"curies":[{"name":"wp","href":"https:\/\/api.w.org\/{rel}","templated":true}]}}