{"id":1333,"date":"2026-03-11T12:45:27","date_gmt":"2026-03-11T09:45:27","guid":{"rendered":"https:\/\/ugard.org.tr\/?p=1333"},"modified":"2026-03-11T12:45:27","modified_gmt":"2026-03-11T09:45:27","slug":"unides-kapsaminda-ortak-oldugumuz-proje-desteklenmeye-hak-kazandi","status":"publish","type":"post","link":"https:\/\/ugard.org.tr\/index.php\/2026\/03\/11\/unides-kapsaminda-ortak-oldugumuz-proje-desteklenmeye-hak-kazandi\/","title":{"rendered":"\u00dcN\u0130DES Kapsam\u0131nda Ortak Oldu\u011fumuz Proje Desteklenmeye Hak Kazand\u0131!"},"content":{"rendered":"\n<p>T.C. Gen\u00e7lik ve Spor Bakanl\u0131\u011f\u0131 taraf\u0131ndan y\u00fcr\u00fct\u00fclen ve \u00fcniversite topluluklar\u0131n\u0131n faaliyetlerini desteklemeyi ama\u00e7layan \u00dcN\u0130DES \u2013 \u00dcniversite Topluluklar\u0131 Destekleme ve \u0130\u015f Birli\u011fi Program\u0131 kapsam\u0131nda orta\u011f\u0131 oldu\u011fumuz \u201cUluslararas\u0131 Gen\u00e7lik \u00c7al\u0131\u015fmalar\u0131 Kapsam\u0131nda Erasmus+ Gen\u00e7lik Projeleri ve Yurt D\u0131\u015f\u0131 F\u0131rsatlara Y\u00f6nelik Kapasite Geli\u015ftirme\u201d ba\u015fl\u0131kl\u0131 proje desteklenmeye hak kazand\u0131. Proje, gen\u00e7lerin uluslararas\u0131 f\u0131rsatlar hakk\u0131nda bilgi sahibi olmalar\u0131n\u0131 sa\u011flamak, Erasmus+ programlar\u0131 konusunda fark\u0131ndal\u0131k olu\u015fturmak ve gen\u00e7lik \u00e7al\u0131\u015fmalar\u0131nda kurumsal kapasiteyi art\u0131rmay\u0131 hedeflemektedir.<\/p>\n\n\n\n<p>Proje kapsam\u0131nda ger\u00e7ekle\u015ftirilecek faaliyetlerle gen\u00e7lerin uluslararas\u0131 projelere kat\u0131l\u0131m\u0131 te\u015fvik edilecek, Erasmus+ gen\u00e7lik programlar\u0131 hakk\u0131nda bilgilendirme yap\u0131lacak ve yurt d\u0131\u015f\u0131 f\u0131rsatlar\u0131na eri\u015fim konusunda gen\u00e7lerin bilgi ve becerileri geli\u015ftirilecektir. Ayr\u0131ca proje s\u00fcrecinde farkl\u0131 kurum ve gen\u00e7lik topluluklar\u0131 aras\u0131nda i\u015f birli\u011finin g\u00fc\u00e7lendirilmesi hedeflenmektedir.<\/p>\n\n\n\n<p>Bu destek sayesinde gen\u00e7lerin uluslararas\u0131 deneyim kazanmas\u0131, gen\u00e7lik \u00e7al\u0131\u015fmalar\u0131nda aktif rol almas\u0131 ve yeni proje f\u0131rsatlar\u0131na eri\u015fiminin art\u0131r\u0131lmas\u0131 ama\u00e7lanmaktad\u0131r.<\/p>\n\n\n\n<p>#\u00fcnides #gen\u00e7likspor <\/p>\n","protected":false},"excerpt":{"rendered":"<p>T.C. Gen\u00e7lik ve Spor Bakanl\u0131\u011f\u0131 taraf\u0131ndan y\u00fcr\u00fct\u00fclen ve \u00fcniversite topluluklar\u0131n\u0131n faaliyetlerini desteklemeyi ama\u00e7layan \u00dcN\u0130DES \u2013 \u00dcniversite Topluluklar\u0131 Destekleme ve \u0130\u015f Birli\u011fi Program\u0131 kapsam\u0131nda orta\u011f\u0131 oldu\u011fumuz \u201cUluslararas\u0131 Gen\u00e7lik \u00c7al\u0131\u015fmalar\u0131 Kapsam\u0131nda Erasmus+ Gen\u00e7lik Projeleri ve Yurt D\u0131\u015f\u0131 F\u0131rsatlara Y\u00f6nelik Kapasite Geli\u015ftirme\u201d ba\u015fl\u0131kl\u0131 proje desteklenmeye hak kazand\u0131. Proje, gen\u00e7lerin uluslararas\u0131 f\u0131rsatlar hakk\u0131nda bilgi sahibi olmalar\u0131n\u0131 sa\u011flamak, Erasmus+ programlar\u0131 [&hellip;]<\/p>\n","protected":false},"author":1,"featured_media":1334,"comment_status":"open","ping_status":"open","sticky":false,"template":"","format":"standard","meta":{"footnotes":""},"categories":[10,9],"tags":[7,23,42],"class_list":["post-1333","post","type-post","status-publish","format-standard","has-post-thumbnail","hentry","category-duyuru","category-haberler","tag-genclik","tag-gonulluluk","tag-sivil-toplum"],"_links":{"self":[{"href":"https:\/\/ugard.org.tr\/index.php\/wp-json\/wp\/v2\/posts\/1333","targetHints":{"allow":["GET"]}}],"collection":[{"href":"https:\/\/ugard.org.tr\/index.php\/wp-json\/wp\/v2\/posts"}],"about":[{"href":"https:\/\/ugard.org.tr\/index.php\/wp-json\/wp\/v2\/types\/post"}],"author":[{"embeddable":true,"href":"https:\/\/ugard.org.tr\/index.php\/wp-json\/wp\/v2\/users\/1"}],"replies":[{"embeddable":true,"href":"https:\/\/ugard.org.tr\/index.php\/wp-json\/wp\/v2\/comments?post=1333"}],"version-history":[{"count":1,"href":"https:\/\/ugard.org.tr\/index.php\/wp-json\/wp\/v2\/posts\/1333\/revisions"}],"predecessor-version":[{"id":1335,"href":"https:\/\/ugard.org.tr\/index.php\/wp-json\/wp\/v2\/posts\/1333\/revisions\/1335"}],"wp:featuredmedia":[{"embeddable":true,"href":"https:\/\/ugard.org.tr\/index.php\/wp-json\/wp\/v2\/media\/1334"}],"wp:attachment":[{"href":"https:\/\/ugard.org.tr\/index.php\/wp-json\/wp\/v2\/media?parent=1333"}],"wp:term":[{"taxonomy":"category","embeddable":true,"href":"https:\/\/ugard.org.tr\/index.php\/wp-json\/wp\/v2\/categories?post=1333"},{"taxonomy":"post_tag","embeddable":true,"href":"https:\/\/ugard.org.tr\/index.php\/wp-json\/wp\/v2\/tags?post=1333"}],"curies":[{"name":"wp","href":"https:\/\/api.w.org\/{rel}","templated":true}]}}