{"id":1336,"date":"2026-03-11T12:50:10","date_gmt":"2026-03-11T09:50:10","guid":{"rendered":"https:\/\/ugard.org.tr\/?p=1336"},"modified":"2026-03-11T12:50:10","modified_gmt":"2026-03-11T09:50:10","slug":"engelleri-asan-spor-projemiz-icin-hazirlik-toplantisi-gerceklestirildi","status":"publish","type":"post","link":"https:\/\/ugard.org.tr\/index.php\/2026\/03\/11\/engelleri-asan-spor-projemiz-icin-hazirlik-toplantisi-gerceklestirildi\/","title":{"rendered":"Engelleri A\u015fan Spor Projemiz \u0130\u00e7in Haz\u0131rl\u0131k Toplant\u0131s\u0131 Ger\u00e7ekle\u015ftirildi!"},"content":{"rendered":"\n<p>T\u00fcrkiye Ulusal Ajans\u0131 taraf\u0131ndan desteklenen ve derne\u011fimizin ba\u015fvuru sahibi oldu\u011fu Erasmus+ Spor Personeli Hareketlili\u011fi (KA182) kapsam\u0131nda y\u00fcr\u00fct\u00fclen Engelleri A\u015fan Spor projemiz i\u00e7in haz\u0131rl\u0131k toplant\u0131s\u0131 ger\u00e7ekle\u015ftirildi.<\/p>\n\n\n\n<p>2025-1-TR01-KA182-SPO-000299284 numaral\u0131 proje kapsam\u0131nda d\u00fczenlenen \u00e7evrim i\u00e7i toplant\u0131da, 14\u201322 Mart tarihleri aras\u0131nda ger\u00e7ekle\u015ftirilecek faaliyetlerin planlamas\u0131 ele al\u0131nd\u0131. Toplant\u0131da proje s\u00fcrecinde ger\u00e7ekle\u015ftirilecek e\u011fitimler, spor faaliyetleri, kat\u0131l\u0131mc\u0131lar\u0131n g\u00f6rev ve sorumluluklar\u0131 ile organizasyon s\u00fcrecine ili\u015fkin detaylar de\u011ferlendirildi.<\/p>\n\n\n\n<p>Haz\u0131rl\u0131k toplant\u0131s\u0131, ilgili ekip \u00fcyelerinin kat\u0131l\u0131m\u0131yla ger\u00e7ekle\u015ftirilirken, proje faaliyetlerinin etkili ve verimli bir \u015fekilde y\u00fcr\u00fct\u00fclmesine y\u00f6nelik koordinasyon sa\u011fland\u0131. Proje kapsam\u0131nda sporun kapsay\u0131c\u0131 g\u00fcc\u00fcnden yararlanarak farkl\u0131 bireylerin spor faaliyetlerine eri\u015fimini art\u0131rmak ve spor alan\u0131nda \u00e7al\u0131\u015fan personelin uluslararas\u0131 deneyimini geli\u015ftirmek hedeflenmektedir.<\/p>\n\n\n\n<p>#erasmus #ka182 #t\u00fcrkiyeulusalajans\u0131<\/p>\n","protected":false},"excerpt":{"rendered":"<p>T\u00fcrkiye Ulusal Ajans\u0131 taraf\u0131ndan desteklenen ve derne\u011fimizin ba\u015fvuru sahibi oldu\u011fu Erasmus+ Spor Personeli Hareketlili\u011fi (KA182) kapsam\u0131nda y\u00fcr\u00fct\u00fclen Engelleri A\u015fan Spor projemiz i\u00e7in haz\u0131rl\u0131k toplant\u0131s\u0131 ger\u00e7ekle\u015ftirildi. 2025-1-TR01-KA182-SPO-000299284 numaral\u0131 proje kapsam\u0131nda d\u00fczenlenen \u00e7evrim i\u00e7i toplant\u0131da, 14\u201322 Mart tarihleri aras\u0131nda ger\u00e7ekle\u015ftirilecek faaliyetlerin planlamas\u0131 ele al\u0131nd\u0131. Toplant\u0131da proje s\u00fcrecinde ger\u00e7ekle\u015ftirilecek e\u011fitimler, spor faaliyetleri, kat\u0131l\u0131mc\u0131lar\u0131n g\u00f6rev ve sorumluluklar\u0131 ile organizasyon [&hellip;]<\/p>\n","protected":false},"author":1,"featured_media":1337,"comment_status":"open","ping_status":"open","sticky":false,"template":"","format":"standard","meta":{"footnotes":""},"categories":[10,9],"tags":[5,31,7,42,12],"class_list":["post-1336","post","type-post","status-publish","format-standard","has-post-thumbnail","hentry","category-duyuru","category-haberler","tag-engelli-haklari","tag-erasmus","tag-genclik","tag-sivil-toplum","tag-sto"],"_links":{"self":[{"href":"https:\/\/ugard.org.tr\/index.php\/wp-json\/wp\/v2\/posts\/1336","targetHints":{"allow":["GET"]}}],"collection":[{"href":"https:\/\/ugard.org.tr\/index.php\/wp-json\/wp\/v2\/posts"}],"about":[{"href":"https:\/\/ugard.org.tr\/index.php\/wp-json\/wp\/v2\/types\/post"}],"author":[{"embeddable":true,"href":"https:\/\/ugard.org.tr\/index.php\/wp-json\/wp\/v2\/users\/1"}],"replies":[{"embeddable":true,"href":"https:\/\/ugard.org.tr\/index.php\/wp-json\/wp\/v2\/comments?post=1336"}],"version-history":[{"count":1,"href":"https:\/\/ugard.org.tr\/index.php\/wp-json\/wp\/v2\/posts\/1336\/revisions"}],"predecessor-version":[{"id":1338,"href":"https:\/\/ugard.org.tr\/index.php\/wp-json\/wp\/v2\/posts\/1336\/revisions\/1338"}],"wp:featuredmedia":[{"embeddable":true,"href":"https:\/\/ugard.org.tr\/index.php\/wp-json\/wp\/v2\/media\/1337"}],"wp:attachment":[{"href":"https:\/\/ugard.org.tr\/index.php\/wp-json\/wp\/v2\/media?parent=1336"}],"wp:term":[{"taxonomy":"category","embeddable":true,"href":"https:\/\/ugard.org.tr\/index.php\/wp-json\/wp\/v2\/categories?post=1336"},{"taxonomy":"post_tag","embeddable":true,"href":"https:\/\/ugard.org.tr\/index.php\/wp-json\/wp\/v2\/tags?post=1336"}],"curies":[{"name":"wp","href":"https:\/\/api.w.org\/{rel}","templated":true}]}}