{"id":1368,"date":"2026-04-21T10:33:21","date_gmt":"2026-04-21T07:33:21","guid":{"rendered":"https:\/\/ugard.org.tr\/?p=1368"},"modified":"2026-04-21T10:33:21","modified_gmt":"2026-04-21T07:33:21","slug":"soylesi-kafede-ilham-veren-bulusma-gonullulukten-profesyonellige-sivil-toplum","status":"publish","type":"post","link":"https:\/\/ugard.org.tr\/index.php\/2026\/04\/21\/soylesi-kafede-ilham-veren-bulusma-gonullulukten-profesyonellige-sivil-toplum\/","title":{"rendered":"S\u00f6yle\u015fi Kafe\u2019de \u0130lham Veren Bulu\u015fma: G\u00f6n\u00fcll\u00fcl\u00fckten Profesyonelli\u011fe Sivil Toplum"},"content":{"rendered":"\n<p>01 Nisan 2026 tarihinde ger\u00e7ekle\u015ftirilen S\u00f6yle\u015fi Kafe etkinli\u011fimizde, g\u00f6n\u00fcll\u00fcl\u00fckten profesyonel hayata uzanan ilham verici hikayelere birlikte tan\u0131kl\u0131k ettik. <br>Moderat\u00f6rl\u00fc\u011f\u00fcn\u00fc Nisa Seren Nalc\u0131\u2019n\u0131n \u00fcstlenece\u011fi s\u00f6yle\u015fide, Habitat Derne\u011fi Proje Uzman\u0131 Abide Tuncer ve SOBE Vakf\u0131 Etkinlik Sorumlusu Meryem K\u00fc\u00e7\u00fck\u00e7ift\u00e7i konuk oldu. Kat\u0131l\u0131mc\u0131lar, \u00fcniversite y\u0131llar\u0131nda att\u0131klar\u0131 g\u00f6n\u00fcll\u00fcl\u00fck ad\u0131mlar\u0131n\u0131 nas\u0131l istikrarl\u0131 bir \u015fekilde kariyere d\u00f6n\u00fc\u015ft\u00fcrd\u00fcklerini kendi deneyimleri \u00fczerinden payla\u015ft\u0131.<br>Etkinlikte bir kariyer yolculu\u011fu de\u011fil; ayn\u0131 zamanda aidiyet duygusu, birlikte \u00fcretmenin g\u00fcc\u00fc ve ayn\u0131 hedef do\u011frultusunda ilerlemenin \u00f6nemi de ele al\u0131nd\u0131. G\u00f6n\u00fcll\u00fcl\u00fckle ba\u015flay\u0131p farkl\u0131 sivil toplum deneyimleriyle kendilerini geli\u015ftiren konu\u015fmac\u0131lar\u0131m\u0131z, bu s\u00fcrecin nas\u0131l profesyonel bir ya\u015fam alan\u0131na d\u00f6n\u00fc\u015ft\u00fc\u011f\u00fcn\u00fc samimi bir dille aktard\u0131.<br>Kendi yolunu arayan, sivil toplum alan\u0131na ilgi duyan ya da ilham verici hikayeler dinlemek isteyen herkes i\u00e7in s\u00f6yle\u015fi kafemizde g\u00f6n\u00fcll\u00fckten profesyonelli\u011fe sivil toplum oturumlar\u0131m\u0131z devam edecektir. De\u011ferli s\u00f6yle\u015filerimize siz de davetlisiniz. <\/p>\n\n\n\n<p>#g\u00f6n\u00fcll\u00fcl\u00fck #s\u00f6yle\u015fikafe #ugard <\/p>\n","protected":false},"excerpt":{"rendered":"<p>01 Nisan 2026 tarihinde ger\u00e7ekle\u015ftirilen S\u00f6yle\u015fi Kafe etkinli\u011fimizde, g\u00f6n\u00fcll\u00fcl\u00fckten profesyonel hayata uzanan ilham verici hikayelere birlikte tan\u0131kl\u0131k ettik. Moderat\u00f6rl\u00fc\u011f\u00fcn\u00fc Nisa Seren Nalc\u0131\u2019n\u0131n \u00fcstlenece\u011fi s\u00f6yle\u015fide, Habitat Derne\u011fi Proje Uzman\u0131 Abide Tuncer ve SOBE Vakf\u0131 Etkinlik Sorumlusu Meryem K\u00fc\u00e7\u00fck\u00e7ift\u00e7i konuk oldu. Kat\u0131l\u0131mc\u0131lar, \u00fcniversite y\u0131llar\u0131nda att\u0131klar\u0131 g\u00f6n\u00fcll\u00fcl\u00fck ad\u0131mlar\u0131n\u0131 nas\u0131l istikrarl\u0131 bir \u015fekilde kariyere d\u00f6n\u00fc\u015ft\u00fcrd\u00fcklerini kendi deneyimleri \u00fczerinden payla\u015ft\u0131.Etkinlikte [&hellip;]<\/p>\n","protected":false},"author":1,"featured_media":1369,"comment_status":"open","ping_status":"open","sticky":false,"template":"","format":"standard","meta":{"footnotes":""},"categories":[10,9],"tags":[7,18,23,42,12],"class_list":["post-1368","post","type-post","status-publish","format-standard","has-post-thumbnail","hentry","category-duyuru","category-haberler","tag-genclik","tag-gonullu","tag-gonulluluk","tag-sivil-toplum","tag-sto"],"_links":{"self":[{"href":"https:\/\/ugard.org.tr\/index.php\/wp-json\/wp\/v2\/posts\/1368","targetHints":{"allow":["GET"]}}],"collection":[{"href":"https:\/\/ugard.org.tr\/index.php\/wp-json\/wp\/v2\/posts"}],"about":[{"href":"https:\/\/ugard.org.tr\/index.php\/wp-json\/wp\/v2\/types\/post"}],"author":[{"embeddable":true,"href":"https:\/\/ugard.org.tr\/index.php\/wp-json\/wp\/v2\/users\/1"}],"replies":[{"embeddable":true,"href":"https:\/\/ugard.org.tr\/index.php\/wp-json\/wp\/v2\/comments?post=1368"}],"version-history":[{"count":1,"href":"https:\/\/ugard.org.tr\/index.php\/wp-json\/wp\/v2\/posts\/1368\/revisions"}],"predecessor-version":[{"id":1370,"href":"https:\/\/ugard.org.tr\/index.php\/wp-json\/wp\/v2\/posts\/1368\/revisions\/1370"}],"wp:featuredmedia":[{"embeddable":true,"href":"https:\/\/ugard.org.tr\/index.php\/wp-json\/wp\/v2\/media\/1369"}],"wp:attachment":[{"href":"https:\/\/ugard.org.tr\/index.php\/wp-json\/wp\/v2\/media?parent=1368"}],"wp:term":[{"taxonomy":"category","embeddable":true,"href":"https:\/\/ugard.org.tr\/index.php\/wp-json\/wp\/v2\/categories?post=1368"},{"taxonomy":"post_tag","embeddable":true,"href":"https:\/\/ugard.org.tr\/index.php\/wp-json\/wp\/v2\/tags?post=1368"}],"curies":[{"name":"wp","href":"https:\/\/api.w.org\/{rel}","templated":true}]}}