{"id":1371,"date":"2026-04-21T10:37:34","date_gmt":"2026-04-21T07:37:34","guid":{"rendered":"https:\/\/ugard.org.tr\/?p=1371"},"modified":"2026-04-21T10:37:34","modified_gmt":"2026-04-21T07:37:34","slug":"engelli-haklari-icin-yeni-nesil-savunuculuk-projesi-basladi","status":"publish","type":"post","link":"https:\/\/ugard.org.tr\/index.php\/2026\/04\/21\/engelli-haklari-icin-yeni-nesil-savunuculuk-projesi-basladi\/","title":{"rendered":"Engelli Haklar\u0131 \u0130\u00e7in Yeni Nesil Savunuculuk Projesi Ba\u015flad\u0131!"},"content":{"rendered":"\n<p>Sabanc\u0131 Vakf\u0131 deste\u011fiyle y\u00fcr\u00fctece\u011fimiz 2026-2027 d\u00f6nemi \u00e7al\u0131\u015fmalar\u0131m\u0131zda oda\u011f\u0131m\u0131z\u0131 geni\u015fletiyoruz. Projemiz kapsam\u0131nda, Engelli Haklar\u0131 \u0130zleme Platformu\u2019nun (EH\u0130P) kurumsal kapasitesini art\u0131rmay\u0131 ve gen\u00e7lerin engelli haklar\u0131 savunuculu\u011funa etkin kat\u0131l\u0131m\u0131n\u0131 sa\u011flamay\u0131 ama\u00e7l\u0131yoruz. Bu bir y\u0131ll\u0131k s\u00fcre\u00e7te, ulusal ve yerel d\u00fczeyde kal\u0131c\u0131 ve hak temelli savunuculuk mekanizmalar\u0131 geli\u015ftirerek daha kapsay\u0131c\u0131 bir gelecek i\u00e7in \u00e7al\u0131\u015faca\u011f\u0131z.<\/p>\n\n\n\n<p>Projemizi T\u00fcrkiye Gen\u00e7lik Birli\u011fi Derne\u011fi ve E\u011fitimde G\u00f6rme Engelliler Derne\u011fi ortakl\u0131\u011f\u0131 ve i\u015f birlikleriyle ger\u00e7ekle\u015ftirece\u011fiz.<\/p>\n\n\n\n<p>Temel hedefimiz, EH\u0130P\u2019in kurumsal yap\u0131s\u0131n\u0131 g\u00fc\u00e7lendirerek platformu \u00e7ok daha etkin bir konuma ta\u015f\u0131mak.<\/p>\n\n\n\n<p>EH\u0130P\u2019in kurumsal yap\u0131s\u0131n\u0131 g\u00fc\u00e7lendirirken gen\u00e7lerin engelli haklar\u0131 alan\u0131na aktif kat\u0131l\u0131m\u0131n\u0131 art\u0131racak, yerel ve ulusal d\u00fczeyde s\u00fcrd\u00fcr\u00fclebilir, hak temelli savunuculuk mekanizmalar\u0131n\u0131 hep birlikte in\u015fa edece\u011fiz.<\/p>\n\n\n\n<p>Birlikte daha kapsay\u0131c\u0131 ve eri\u015filebilir bir gelecek i\u00e7in \u00e7al\u0131\u015f\u0131yoruz!<\/p>\n\n\n\n<p>#sabanc\u0131vakf\u0131 #tgbder #ehip #ugard #eged #engellihaklar\u0131<\/p>\n","protected":false},"excerpt":{"rendered":"<p>Sabanc\u0131 Vakf\u0131 deste\u011fiyle y\u00fcr\u00fctece\u011fimiz 2026-2027 d\u00f6nemi \u00e7al\u0131\u015fmalar\u0131m\u0131zda oda\u011f\u0131m\u0131z\u0131 geni\u015fletiyoruz. Projemiz kapsam\u0131nda, Engelli Haklar\u0131 \u0130zleme Platformu\u2019nun (EH\u0130P) kurumsal kapasitesini art\u0131rmay\u0131 ve gen\u00e7lerin engelli haklar\u0131 savunuculu\u011funa etkin kat\u0131l\u0131m\u0131n\u0131 sa\u011flamay\u0131 ama\u00e7l\u0131yoruz. Bu bir y\u0131ll\u0131k s\u00fcre\u00e7te, ulusal ve yerel d\u00fczeyde kal\u0131c\u0131 ve hak temelli savunuculuk mekanizmalar\u0131 geli\u015ftirerek daha kapsay\u0131c\u0131 bir gelecek i\u00e7in \u00e7al\u0131\u015faca\u011f\u0131z. Projemizi T\u00fcrkiye Gen\u00e7lik Birli\u011fi Derne\u011fi ve [&hellip;]<\/p>\n","protected":false},"author":1,"featured_media":1372,"comment_status":"open","ping_status":"open","sticky":false,"template":"","format":"standard","meta":{"footnotes":""},"categories":[10,9],"tags":[5,7,8,42],"class_list":["post-1371","post","type-post","status-publish","format-standard","has-post-thumbnail","hentry","category-duyuru","category-haberler","tag-engelli-haklari","tag-genclik","tag-savunuculuk","tag-sivil-toplum"],"_links":{"self":[{"href":"https:\/\/ugard.org.tr\/index.php\/wp-json\/wp\/v2\/posts\/1371","targetHints":{"allow":["GET"]}}],"collection":[{"href":"https:\/\/ugard.org.tr\/index.php\/wp-json\/wp\/v2\/posts"}],"about":[{"href":"https:\/\/ugard.org.tr\/index.php\/wp-json\/wp\/v2\/types\/post"}],"author":[{"embeddable":true,"href":"https:\/\/ugard.org.tr\/index.php\/wp-json\/wp\/v2\/users\/1"}],"replies":[{"embeddable":true,"href":"https:\/\/ugard.org.tr\/index.php\/wp-json\/wp\/v2\/comments?post=1371"}],"version-history":[{"count":1,"href":"https:\/\/ugard.org.tr\/index.php\/wp-json\/wp\/v2\/posts\/1371\/revisions"}],"predecessor-version":[{"id":1373,"href":"https:\/\/ugard.org.tr\/index.php\/wp-json\/wp\/v2\/posts\/1371\/revisions\/1373"}],"wp:featuredmedia":[{"embeddable":true,"href":"https:\/\/ugard.org.tr\/index.php\/wp-json\/wp\/v2\/media\/1372"}],"wp:attachment":[{"href":"https:\/\/ugard.org.tr\/index.php\/wp-json\/wp\/v2\/media?parent=1371"}],"wp:term":[{"taxonomy":"category","embeddable":true,"href":"https:\/\/ugard.org.tr\/index.php\/wp-json\/wp\/v2\/categories?post=1371"},{"taxonomy":"post_tag","embeddable":true,"href":"https:\/\/ugard.org.tr\/index.php\/wp-json\/wp\/v2\/tags?post=1371"}],"curies":[{"name":"wp","href":"https:\/\/api.w.org\/{rel}","templated":true}]}}