{"id":1374,"date":"2026-04-21T10:40:01","date_gmt":"2026-04-21T07:40:01","guid":{"rendered":"https:\/\/ugard.org.tr\/?p=1374"},"modified":"2026-04-21T10:40:02","modified_gmt":"2026-04-21T07:40:02","slug":"gonullulerimiz-ayrilis-oncesi-egitimlerini-tamamladi","status":"publish","type":"post","link":"https:\/\/ugard.org.tr\/index.php\/2026\/04\/21\/gonullulerimiz-ayrilis-oncesi-egitimlerini-tamamladi\/","title":{"rendered":"G\u00f6n\u00fcll\u00fclerimiz Ayr\u0131l\u0131\u015f \u00d6ncesi E\u011fitimlerini Tamamlad\u0131!"},"content":{"rendered":"\n<p>2024-2-TR01-ESC51-VTJ-000291047 numaral\u0131 proje kapsam\u0131nda, T\u00fcrkiye Ulusal Ajans\u0131 taraf\u0131ndan hibelendirilen ve ba\u015fvuru sahibi Uluslararas\u0131 Gen\u00e7 Aray\u0131\u015f Derne\u011fi olan projemiz \u00e7er\u00e7evesinde, Kuzey Makedonya\u2019da uzun d\u00f6nem g\u00f6rev alacak g\u00f6n\u00fcll\u00fclerimiz ayr\u0131l\u0131\u015f \u00f6ncesi e\u011fitimlerini ba\u015far\u0131yla tamamlad\u0131.<\/p>\n\n\n\n<p>G\u00f6n\u00fcll\u00fclerimiz bu e\u011fitim s\u00fcrecinde proje faaliyetleri, g\u00f6rev ve sorumluluklar\u0131 ile Avrupa Dayan\u0131\u015fma Program\u0131 hakk\u0131nda kapsaml\u0131 bilgilendirme ald\u0131.<\/p>\n\n\n\n<p>#k\u0131sad\u00f6nemesc #esc51 #avrupadayan\u0131\u015fmaprogram\u0131 @ulusalajans<\/p>\n","protected":false},"excerpt":{"rendered":"<p>2024-2-TR01-ESC51-VTJ-000291047 numaral\u0131 proje kapsam\u0131nda, T\u00fcrkiye Ulusal Ajans\u0131 taraf\u0131ndan hibelendirilen ve ba\u015fvuru sahibi Uluslararas\u0131 Gen\u00e7 Aray\u0131\u015f Derne\u011fi olan projemiz \u00e7er\u00e7evesinde, Kuzey Makedonya\u2019da uzun d\u00f6nem g\u00f6rev alacak g\u00f6n\u00fcll\u00fclerimiz ayr\u0131l\u0131\u015f \u00f6ncesi e\u011fitimlerini ba\u015far\u0131yla tamamlad\u0131. G\u00f6n\u00fcll\u00fclerimiz bu e\u011fitim s\u00fcrecinde proje faaliyetleri, g\u00f6rev ve sorumluluklar\u0131 ile Avrupa Dayan\u0131\u015fma Program\u0131 hakk\u0131nda kapsaml\u0131 bilgilendirme ald\u0131. #k\u0131sad\u00f6nemesc #esc51 #avrupadayan\u0131\u015fmaprogram\u0131 @ulusalajans<\/p>\n","protected":false},"author":1,"featured_media":1375,"comment_status":"open","ping_status":"open","sticky":false,"template":"","format":"standard","meta":{"footnotes":""},"categories":[10,9],"tags":[31,7,23,42],"class_list":["post-1374","post","type-post","status-publish","format-standard","has-post-thumbnail","hentry","category-duyuru","category-haberler","tag-erasmus","tag-genclik","tag-gonulluluk","tag-sivil-toplum"],"_links":{"self":[{"href":"https:\/\/ugard.org.tr\/index.php\/wp-json\/wp\/v2\/posts\/1374","targetHints":{"allow":["GET"]}}],"collection":[{"href":"https:\/\/ugard.org.tr\/index.php\/wp-json\/wp\/v2\/posts"}],"about":[{"href":"https:\/\/ugard.org.tr\/index.php\/wp-json\/wp\/v2\/types\/post"}],"author":[{"embeddable":true,"href":"https:\/\/ugard.org.tr\/index.php\/wp-json\/wp\/v2\/users\/1"}],"replies":[{"embeddable":true,"href":"https:\/\/ugard.org.tr\/index.php\/wp-json\/wp\/v2\/comments?post=1374"}],"version-history":[{"count":1,"href":"https:\/\/ugard.org.tr\/index.php\/wp-json\/wp\/v2\/posts\/1374\/revisions"}],"predecessor-version":[{"id":1376,"href":"https:\/\/ugard.org.tr\/index.php\/wp-json\/wp\/v2\/posts\/1374\/revisions\/1376"}],"wp:featuredmedia":[{"embeddable":true,"href":"https:\/\/ugard.org.tr\/index.php\/wp-json\/wp\/v2\/media\/1375"}],"wp:attachment":[{"href":"https:\/\/ugard.org.tr\/index.php\/wp-json\/wp\/v2\/media?parent=1374"}],"wp:term":[{"taxonomy":"category","embeddable":true,"href":"https:\/\/ugard.org.tr\/index.php\/wp-json\/wp\/v2\/categories?post=1374"},{"taxonomy":"post_tag","embeddable":true,"href":"https:\/\/ugard.org.tr\/index.php\/wp-json\/wp\/v2\/tags?post=1374"}],"curies":[{"name":"wp","href":"https:\/\/api.w.org\/{rel}","templated":true}]}}