{"id":1377,"date":"2026-04-21T10:46:45","date_gmt":"2026-04-21T07:46:45","guid":{"rendered":"https:\/\/ugard.org.tr\/?p=1377"},"modified":"2026-04-21T10:46:45","modified_gmt":"2026-04-21T07:46:45","slug":"engelli-haklari-icin-yeni-nesil-savunuculuk-projemiz-kapsaminda-ilk-adim","status":"publish","type":"post","link":"https:\/\/ugard.org.tr\/index.php\/2026\/04\/21\/engelli-haklari-icin-yeni-nesil-savunuculuk-projemiz-kapsaminda-ilk-adim\/","title":{"rendered":"Engelli Haklar\u0131 \u0130\u00e7in Yeni Nesil Savunuculuk Projemiz Kapsam\u0131nda \u0130lk Ad\u0131m!"},"content":{"rendered":"\n<p>Sabanc\u0131 Vakf\u0131 deste\u011fiyle, Uluslararas\u0131 Gen\u00e7 Aray\u0131\u015f Derne\u011fi y\u00fcr\u00fct\u00fcc\u00fcl\u00fc\u011f\u00fcnde; T\u00fcrkiye Gen\u00e7lik Birli\u011fi Derne\u011fi  ve E\u011fitimde G\u00f6rme Engelliler Derne\u011fi ortakl\u0131\u011f\u0131nda y\u00fcr\u00fctt\u00fc\u011f\u00fcm\u00fcz projemizin ge\u00e7ici y\u00fcr\u00fctme kurulu toplant\u0131s\u0131n\u0131 ger\u00e7ekle\u015ftirdik. <\/p>\n\n\n\n<p>Toplant\u0131m\u0131zda; proje s\u00fcrecine dair yol haritam\u0131z\u0131 belirledik, \u00f6nceliklerimizi netle\u015ftirdik ve Engelli Haklar\u0131 \u0130zleme Platformu\u2019nun (EH\u0130P) kurumsal kapasitesini g\u00fc\u00e7lendirmeye y\u00f6nelik ilk ad\u0131mlar\u0131 att\u0131k.<\/p>\n\n\n\n<p>Gen\u00e7lerin engelli haklar\u0131 savunuculu\u011funa aktif kat\u0131l\u0131m\u0131n\u0131 art\u0131racak, yerelden ulusala uzanan s\u00fcrd\u00fcr\u00fclebilir ve hak temelli mekanizmalar\u0131 birlikte in\u015fa etmek i\u00e7in \u00e7al\u0131\u015fmalar\u0131m\u0131za kararl\u0131l\u0131kla devam ediyoruz.<\/p>\n\n\n\n<p>Daha kapsay\u0131c\u0131 ve eri\u015filebilir bir gelecek i\u00e7in birlikteyiz! <br><\/p>\n","protected":false},"excerpt":{"rendered":"<p>Sabanc\u0131 Vakf\u0131 deste\u011fiyle, Uluslararas\u0131 Gen\u00e7 Aray\u0131\u015f Derne\u011fi y\u00fcr\u00fct\u00fcc\u00fcl\u00fc\u011f\u00fcnde; T\u00fcrkiye Gen\u00e7lik Birli\u011fi Derne\u011fi ve E\u011fitimde G\u00f6rme Engelliler Derne\u011fi ortakl\u0131\u011f\u0131nda y\u00fcr\u00fctt\u00fc\u011f\u00fcm\u00fcz projemizin ge\u00e7ici y\u00fcr\u00fctme kurulu toplant\u0131s\u0131n\u0131 ger\u00e7ekle\u015ftirdik. Toplant\u0131m\u0131zda; proje s\u00fcrecine dair yol haritam\u0131z\u0131 belirledik, \u00f6nceliklerimizi netle\u015ftirdik ve Engelli Haklar\u0131 \u0130zleme Platformu\u2019nun (EH\u0130P) kurumsal kapasitesini g\u00fc\u00e7lendirmeye y\u00f6nelik ilk ad\u0131mlar\u0131 att\u0131k. Gen\u00e7lerin engelli haklar\u0131 savunuculu\u011funa aktif kat\u0131l\u0131m\u0131n\u0131 art\u0131racak, yerelden [&hellip;]<\/p>\n","protected":false},"author":1,"featured_media":1378,"comment_status":"open","ping_status":"open","sticky":false,"template":"","format":"standard","meta":{"footnotes":""},"categories":[10,9],"tags":[5,7,8,42],"class_list":["post-1377","post","type-post","status-publish","format-standard","has-post-thumbnail","hentry","category-duyuru","category-haberler","tag-engelli-haklari","tag-genclik","tag-savunuculuk","tag-sivil-toplum"],"_links":{"self":[{"href":"https:\/\/ugard.org.tr\/index.php\/wp-json\/wp\/v2\/posts\/1377","targetHints":{"allow":["GET"]}}],"collection":[{"href":"https:\/\/ugard.org.tr\/index.php\/wp-json\/wp\/v2\/posts"}],"about":[{"href":"https:\/\/ugard.org.tr\/index.php\/wp-json\/wp\/v2\/types\/post"}],"author":[{"embeddable":true,"href":"https:\/\/ugard.org.tr\/index.php\/wp-json\/wp\/v2\/users\/1"}],"replies":[{"embeddable":true,"href":"https:\/\/ugard.org.tr\/index.php\/wp-json\/wp\/v2\/comments?post=1377"}],"version-history":[{"count":1,"href":"https:\/\/ugard.org.tr\/index.php\/wp-json\/wp\/v2\/posts\/1377\/revisions"}],"predecessor-version":[{"id":1379,"href":"https:\/\/ugard.org.tr\/index.php\/wp-json\/wp\/v2\/posts\/1377\/revisions\/1379"}],"wp:featuredmedia":[{"embeddable":true,"href":"https:\/\/ugard.org.tr\/index.php\/wp-json\/wp\/v2\/media\/1378"}],"wp:attachment":[{"href":"https:\/\/ugard.org.tr\/index.php\/wp-json\/wp\/v2\/media?parent=1377"}],"wp:term":[{"taxonomy":"category","embeddable":true,"href":"https:\/\/ugard.org.tr\/index.php\/wp-json\/wp\/v2\/categories?post=1377"},{"taxonomy":"post_tag","embeddable":true,"href":"https:\/\/ugard.org.tr\/index.php\/wp-json\/wp\/v2\/tags?post=1377"}],"curies":[{"name":"wp","href":"https:\/\/api.w.org\/{rel}","templated":true}]}}