{"id":1380,"date":"2026-04-21T10:50:04","date_gmt":"2026-04-21T07:50:04","guid":{"rendered":"https:\/\/ugard.org.tr\/?p=1380"},"modified":"2026-04-21T10:50:04","modified_gmt":"2026-04-21T07:50:04","slug":"samsun-genclik-ve-spor-il-mudurumuz-sayin-feyzullah-dereciyi-makaminda-ziyaret-ettik","status":"publish","type":"post","link":"https:\/\/ugard.org.tr\/index.php\/2026\/04\/21\/samsun-genclik-ve-spor-il-mudurumuz-sayin-feyzullah-dereciyi-makaminda-ziyaret-ettik\/","title":{"rendered":"Samsun Gen\u00e7lik ve Spor \u0130l M\u00fcd\u00fcr\u00fcm\u00fcz Say\u0131n Feyzullah Dereci\u2019yi makam\u0131nda ziyaret ettik."},"content":{"rendered":"\n<p>Derne\u011fimiz olarak, Samsun Gen\u00e7lik ve Spor \u0130l M\u00fcd\u00fcr\u00fcm\u00fcz Say\u0131n Feyzullah Dereci\u2019yi makam\u0131nda ziyaret ettik. Ger\u00e7ekle\u015ftirdi\u011fimiz bu nazik kabulde, derne\u011fimizin y\u00fcr\u00fctmekte oldu\u011fu \u00e7al\u0131\u015fmalar, \u00f6zellikle gen\u00e7lik alan\u0131ndaki faaliyetlerimiz ve sivil toplum temelli projelerimiz hakk\u0131nda kapsaml\u0131 bir bilgilendirme sunma f\u0131rsat\u0131 bulduk.<\/p>\n\n\n\n<p>Ziyaret kapsam\u0131nda, gen\u00e7lerin sosyal, k\u00fclt\u00fcrel ve ki\u015fisel geli\u015fimlerini desteklemeye y\u00f6nelik mevcut \u00e7al\u0131\u015fmalar\u0131m\u0131z\u0131 payla\u015f\u0131rken; ayn\u0131 zamanda engelli bireylerin toplumsal hayata daha aktif kat\u0131l\u0131m\u0131n\u0131 hedefleyen projelerimiz \u00fczerine de g\u00f6r\u00fc\u015f al\u0131\u015fveri\u015finde bulunduk. Bu do\u011frultuda, kamu kurumlar\u0131 ile sivil toplum kurulu\u015flar\u0131 aras\u0131nda kurulacak g\u00fc\u00e7l\u00fc i\u015f birliklerinin, s\u00fcrd\u00fcr\u00fclebilir ve kapsay\u0131c\u0131 projelerin hayata ge\u00e7irilmesinde b\u00fcy\u00fck \u00f6nem ta\u015f\u0131d\u0131\u011f\u0131 vurguland\u0131.<\/p>\n\n\n\n<p>G\u00f6r\u00fc\u015fmemizde ayr\u0131ca, \u00f6n\u00fcm\u00fczdeki d\u00f6nemde ortakla\u015fa ger\u00e7ekle\u015ftirilebilecek e\u011fitim programlar\u0131, fark\u0131ndal\u0131k \u00e7al\u0131\u015fmalar\u0131 ve gen\u00e7lik projeleri \u00fczerine de\u011ferlendirmeler yap\u0131ld\u0131. Kurumlar aras\u0131 i\u015f birli\u011finin g\u00fc\u00e7lendirilmesi ve ortak hedefler do\u011frultusunda somut ad\u0131mlar at\u0131lmas\u0131 konusunda kar\u015f\u0131l\u0131kl\u0131 iyi niyet ve destek ifade edildi.<\/p>\n\n\n\n<p>Nazik kar\u015f\u0131lamalar\u0131, samimi ilgileri ve de\u011ferli katk\u0131lar\u0131 i\u00e7in Samsun Gen\u00e7lik ve Spor \u0130l M\u00fcd\u00fcr\u00fcm\u00fcz Say\u0131n Feyzullah Dereci\u2019ye te\u015fekk\u00fcr ederiz. Bu t\u00fcr i\u015f birliklerinin artarak devam etmesini temenni ediyor, birlikte daha fazla gence ve toplumsal faydaya ula\u015fmay\u0131 hedefliyoruz.<\/p>\n","protected":false},"excerpt":{"rendered":"<p>Derne\u011fimiz olarak, Samsun Gen\u00e7lik ve Spor \u0130l M\u00fcd\u00fcr\u00fcm\u00fcz Say\u0131n Feyzullah Dereci\u2019yi makam\u0131nda ziyaret ettik. Ger\u00e7ekle\u015ftirdi\u011fimiz bu nazik kabulde, derne\u011fimizin y\u00fcr\u00fctmekte oldu\u011fu \u00e7al\u0131\u015fmalar, \u00f6zellikle gen\u00e7lik alan\u0131ndaki faaliyetlerimiz ve sivil toplum temelli projelerimiz hakk\u0131nda kapsaml\u0131 bir bilgilendirme sunma f\u0131rsat\u0131 bulduk. Ziyaret kapsam\u0131nda, gen\u00e7lerin sosyal, k\u00fclt\u00fcrel ve ki\u015fisel geli\u015fimlerini desteklemeye y\u00f6nelik mevcut \u00e7al\u0131\u015fmalar\u0131m\u0131z\u0131 payla\u015f\u0131rken; ayn\u0131 zamanda engelli bireylerin [&hellip;]<\/p>\n","protected":false},"author":1,"featured_media":1381,"comment_status":"open","ping_status":"open","sticky":false,"template":"","format":"standard","meta":{"footnotes":""},"categories":[10,9],"tags":[7,18,23,42],"class_list":["post-1380","post","type-post","status-publish","format-standard","has-post-thumbnail","hentry","category-duyuru","category-haberler","tag-genclik","tag-gonullu","tag-gonulluluk","tag-sivil-toplum"],"_links":{"self":[{"href":"https:\/\/ugard.org.tr\/index.php\/wp-json\/wp\/v2\/posts\/1380","targetHints":{"allow":["GET"]}}],"collection":[{"href":"https:\/\/ugard.org.tr\/index.php\/wp-json\/wp\/v2\/posts"}],"about":[{"href":"https:\/\/ugard.org.tr\/index.php\/wp-json\/wp\/v2\/types\/post"}],"author":[{"embeddable":true,"href":"https:\/\/ugard.org.tr\/index.php\/wp-json\/wp\/v2\/users\/1"}],"replies":[{"embeddable":true,"href":"https:\/\/ugard.org.tr\/index.php\/wp-json\/wp\/v2\/comments?post=1380"}],"version-history":[{"count":1,"href":"https:\/\/ugard.org.tr\/index.php\/wp-json\/wp\/v2\/posts\/1380\/revisions"}],"predecessor-version":[{"id":1382,"href":"https:\/\/ugard.org.tr\/index.php\/wp-json\/wp\/v2\/posts\/1380\/revisions\/1382"}],"wp:featuredmedia":[{"embeddable":true,"href":"https:\/\/ugard.org.tr\/index.php\/wp-json\/wp\/v2\/media\/1381"}],"wp:attachment":[{"href":"https:\/\/ugard.org.tr\/index.php\/wp-json\/wp\/v2\/media?parent=1380"}],"wp:term":[{"taxonomy":"category","embeddable":true,"href":"https:\/\/ugard.org.tr\/index.php\/wp-json\/wp\/v2\/categories?post=1380"},{"taxonomy":"post_tag","embeddable":true,"href":"https:\/\/ugard.org.tr\/index.php\/wp-json\/wp\/v2\/tags?post=1380"}],"curies":[{"name":"wp","href":"https:\/\/api.w.org\/{rel}","templated":true}]}}