{"id":1383,"date":"2026-04-21T10:52:49","date_gmt":"2026-04-21T07:52:49","guid":{"rendered":"https:\/\/ugard.org.tr\/?p=1383"},"modified":"2026-04-21T10:52:49","modified_gmt":"2026-04-21T07:52:49","slug":"samsun-engelli-hizmetleri-sube-mudurlugune-ziyaret-gerceklestirdik","status":"publish","type":"post","link":"https:\/\/ugard.org.tr\/index.php\/2026\/04\/21\/samsun-engelli-hizmetleri-sube-mudurlugune-ziyaret-gerceklestirdik\/","title":{"rendered":"Samsun Engelli Hizmetleri \u015eube M\u00fcd\u00fcrl\u00fc\u011f\u00fc\u2019ne Ziyaret ger\u00e7ekle\u015ftirdik!"},"content":{"rendered":"\n<p>Derne\u011fimiz olarak, Samsun Engelli Hizmetleri \u015eube M\u00fcd\u00fcr\u00fcm\u00fcz Say\u0131n Atila Gen\u00e7\u2019i ve Birim Sorumlusu Say\u0131n \u00c7a\u011fla Y\u00fccel\u2019i makamlar\u0131nda ziyaret ettik.<\/p>\n\n\n\n<p>Ger\u00e7ekle\u015ftirdi\u011fimiz ziyarette, \u00f6nceki d\u00f6nemlerde birlikte y\u00fcr\u00fctt\u00fc\u011f\u00fcm\u00fcz proje ve \u00e7al\u0131\u015fmalar\u0131n etkilerini kapsaml\u0131 bir \u015fekilde de\u011ferlendirme f\u0131rsat\u0131 bulduk. \u00d6zellikle engelli bireylerin sosyal hayata kat\u0131l\u0131m\u0131n\u0131 art\u0131rmaya y\u00f6nelik faaliyetlerimizin \u00e7\u0131kt\u0131lar\u0131 \u00fczerine kar\u015f\u0131l\u0131kl\u0131 g\u00f6r\u00fc\u015f al\u0131\u015fveri\u015finde bulunuldu.<\/p>\n\n\n\n<p>Bunun yan\u0131 s\u0131ra, \u00f6n\u00fcm\u00fczdeki s\u00fcre\u00e7te hayata ge\u00e7irilebilecek yeni projeler, ortak \u00e7al\u0131\u015fmalar ve s\u00fcrd\u00fcr\u00fclebilir i\u015f birlikleri \u00fczerine verimli g\u00f6r\u00fc\u015fmeler ger\u00e7ekle\u015ftirdik. Kamu kurumlar\u0131 ile sivil toplum kurulu\u015flar\u0131 aras\u0131nda kurulacak g\u00fc\u00e7l\u00fc i\u015f birliklerinin, toplumsal faydan\u0131n art\u0131r\u0131lmas\u0131nda \u00f6nemli bir rol oynad\u0131\u011f\u0131 bir kez daha vurguland\u0131.<\/p>\n\n\n\n<p>Nazik kar\u015f\u0131lamalar\u0131, samimi yakla\u015f\u0131mlar\u0131 ve destekleri i\u00e7in Samsun Engelli Hizmetleri \u015eube M\u00fcd\u00fcr\u00fcm\u00fcz Say\u0131n Atila Gen\u00e7\u2019e ve Birim Sorumlusu Say\u0131n \u00c7a\u011fla Y\u00fccel\u2019e te\u015fekk\u00fcr ederiz.<\/p>\n","protected":false},"excerpt":{"rendered":"<p>Derne\u011fimiz olarak, Samsun Engelli Hizmetleri \u015eube M\u00fcd\u00fcr\u00fcm\u00fcz Say\u0131n Atila Gen\u00e7\u2019i ve Birim Sorumlusu Say\u0131n \u00c7a\u011fla Y\u00fccel\u2019i makamlar\u0131nda ziyaret ettik. Ger\u00e7ekle\u015ftirdi\u011fimiz ziyarette, \u00f6nceki d\u00f6nemlerde birlikte y\u00fcr\u00fctt\u00fc\u011f\u00fcm\u00fcz proje ve \u00e7al\u0131\u015fmalar\u0131n etkilerini kapsaml\u0131 bir \u015fekilde de\u011ferlendirme f\u0131rsat\u0131 bulduk. \u00d6zellikle engelli bireylerin sosyal hayata kat\u0131l\u0131m\u0131n\u0131 art\u0131rmaya y\u00f6nelik faaliyetlerimizin \u00e7\u0131kt\u0131lar\u0131 \u00fczerine kar\u015f\u0131l\u0131kl\u0131 g\u00f6r\u00fc\u015f al\u0131\u015fveri\u015finde bulunuldu. Bunun yan\u0131 s\u0131ra, \u00f6n\u00fcm\u00fczdeki s\u00fcre\u00e7te [&hellip;]<\/p>\n","protected":false},"author":1,"featured_media":1384,"comment_status":"open","ping_status":"open","sticky":false,"template":"","format":"standard","meta":{"footnotes":""},"categories":[10,9],"tags":[5,7,23,42],"class_list":["post-1383","post","type-post","status-publish","format-standard","has-post-thumbnail","hentry","category-duyuru","category-haberler","tag-engelli-haklari","tag-genclik","tag-gonulluluk","tag-sivil-toplum"],"_links":{"self":[{"href":"https:\/\/ugard.org.tr\/index.php\/wp-json\/wp\/v2\/posts\/1383","targetHints":{"allow":["GET"]}}],"collection":[{"href":"https:\/\/ugard.org.tr\/index.php\/wp-json\/wp\/v2\/posts"}],"about":[{"href":"https:\/\/ugard.org.tr\/index.php\/wp-json\/wp\/v2\/types\/post"}],"author":[{"embeddable":true,"href":"https:\/\/ugard.org.tr\/index.php\/wp-json\/wp\/v2\/users\/1"}],"replies":[{"embeddable":true,"href":"https:\/\/ugard.org.tr\/index.php\/wp-json\/wp\/v2\/comments?post=1383"}],"version-history":[{"count":1,"href":"https:\/\/ugard.org.tr\/index.php\/wp-json\/wp\/v2\/posts\/1383\/revisions"}],"predecessor-version":[{"id":1385,"href":"https:\/\/ugard.org.tr\/index.php\/wp-json\/wp\/v2\/posts\/1383\/revisions\/1385"}],"wp:featuredmedia":[{"embeddable":true,"href":"https:\/\/ugard.org.tr\/index.php\/wp-json\/wp\/v2\/media\/1384"}],"wp:attachment":[{"href":"https:\/\/ugard.org.tr\/index.php\/wp-json\/wp\/v2\/media?parent=1383"}],"wp:term":[{"taxonomy":"category","embeddable":true,"href":"https:\/\/ugard.org.tr\/index.php\/wp-json\/wp\/v2\/categories?post=1383"},{"taxonomy":"post_tag","embeddable":true,"href":"https:\/\/ugard.org.tr\/index.php\/wp-json\/wp\/v2\/tags?post=1383"}],"curies":[{"name":"wp","href":"https:\/\/api.w.org\/{rel}","templated":true}]}}