{"id":1576,"date":"2026-04-28T19:55:03","date_gmt":"2026-04-28T16:55:03","guid":{"rendered":"https:\/\/ugard.org.tr\/?p=1576"},"modified":"2026-04-28T19:55:05","modified_gmt":"2026-04-28T16:55:05","slug":"ispanya-kisa-donem-esc-gonulluluk-projesi-kapsaminda-hazirlik-toplantisi-gerceklestirildi","status":"publish","type":"post","link":"https:\/\/ugard.org.tr\/index.php\/2026\/04\/28\/ispanya-kisa-donem-esc-gonulluluk-projesi-kapsaminda-hazirlik-toplantisi-gerceklestirildi\/","title":{"rendered":"\u0130spanya K\u0131sa D\u00f6nem ESC G\u00f6n\u00fcll\u00fcl\u00fck Projesi Kapsam\u0131nda Haz\u0131rl\u0131k Toplant\u0131s\u0131 Ger\u00e7ekle\u015ftirildi!"},"content":{"rendered":"\n<p>T\u00fcrkiye Ulusal Ajans\u0131 taraf\u0131ndan desteklenen ve ba\u015fvuru sahibi oldu\u011fumuz 2024-2-TR01-ESC51-VTJ-000291047 numaral\u0131 Avrupa Dayan\u0131\u015fma Program\u0131 (ESC) g\u00f6n\u00fcll\u00fcl\u00fck projesi kapsam\u0131nda, \u0130spanya\u2019da k\u0131sa d\u00f6nem g\u00f6n\u00fcll\u00fcl\u00fck faaliyetlerine kat\u0131lacak g\u00f6n\u00fcll\u00fclerimizle \u00e7evrim i\u00e7i bir tan\u0131\u015fma ve haz\u0131rl\u0131k toplant\u0131s\u0131 ger\u00e7ekle\u015ftirildi.<\/p>\n\n\n\n<p>Toplant\u0131da, g\u00f6n\u00fcll\u00fclere proje hakk\u0131nda genel bilgilendirme yap\u0131l\u0131rken; g\u00f6n\u00fcll\u00fcl\u00fck s\u00fcrecinde y\u00fcr\u00fct\u00fclecek faaliyetler, kat\u0131l\u0131mc\u0131lar\u0131n g\u00f6rev ve sorumluluklar\u0131 ile proje s\u00fcrecine dair \u00f6nemli hususlar detayl\u0131 \u015fekilde aktar\u0131ld\u0131.<\/p>\n\n\n\n<p>Ayr\u0131ca toplant\u0131 kapsam\u0131nda g\u00f6n\u00fcll\u00fclerimizin kendilerini tan\u0131tma f\u0131rsat\u0131 buldu\u011fu bir oturum d\u00fczenlenerek, kar\u015f\u0131l\u0131kl\u0131 tan\u0131\u015fma sa\u011fland\u0131 ve kat\u0131l\u0131mc\u0131lar\u0131n beklentileri payla\u015f\u0131ld\u0131. Bu sayede proje \u00f6ncesinde g\u00fc\u00e7l\u00fc bir ileti\u015fim zemini olu\u015fturulmas\u0131 hedeflendi.<\/p>\n\n\n\n<p>Proje s\u00fcreci boyunca g\u00f6n\u00fcll\u00fclerimizin aktif kat\u0131l\u0131m\u0131 ve ki\u015fisel geli\u015fimlerine katk\u0131 sa\u011flayacak verimli bir deneyim ya\u015famalar\u0131 ama\u00e7lanmaktad\u0131r.<\/p>\n\n\n\n<p>#esc #T\u00fcrkiyeUlusalAjans\u0131 #ErasmusProject @ulusalajans<\/p>\n","protected":false},"excerpt":{"rendered":"<p>T\u00fcrkiye Ulusal Ajans\u0131 taraf\u0131ndan desteklenen ve ba\u015fvuru sahibi oldu\u011fumuz 2024-2-TR01-ESC51-VTJ-000291047 numaral\u0131 Avrupa Dayan\u0131\u015fma Program\u0131 (ESC) g\u00f6n\u00fcll\u00fcl\u00fck projesi kapsam\u0131nda, \u0130spanya\u2019da k\u0131sa d\u00f6nem g\u00f6n\u00fcll\u00fcl\u00fck faaliyetlerine kat\u0131lacak g\u00f6n\u00fcll\u00fclerimizle \u00e7evrim i\u00e7i bir tan\u0131\u015fma ve haz\u0131rl\u0131k toplant\u0131s\u0131 ger\u00e7ekle\u015ftirildi. Toplant\u0131da, g\u00f6n\u00fcll\u00fclere proje hakk\u0131nda genel bilgilendirme yap\u0131l\u0131rken; g\u00f6n\u00fcll\u00fcl\u00fck s\u00fcrecinde y\u00fcr\u00fct\u00fclecek faaliyetler, kat\u0131l\u0131mc\u0131lar\u0131n g\u00f6rev ve sorumluluklar\u0131 ile proje s\u00fcrecine dair \u00f6nemli hususlar detayl\u0131 [&hellip;]<\/p>\n","protected":false},"author":1,"featured_media":1577,"comment_status":"open","ping_status":"open","sticky":false,"template":"","format":"standard","meta":{"footnotes":""},"categories":[10,9],"tags":[5,31,7,42],"class_list":["post-1576","post","type-post","status-publish","format-standard","has-post-thumbnail","hentry","category-duyuru","category-haberler","tag-engelli-haklari","tag-erasmus","tag-genclik","tag-sivil-toplum"],"_links":{"self":[{"href":"https:\/\/ugard.org.tr\/index.php\/wp-json\/wp\/v2\/posts\/1576","targetHints":{"allow":["GET"]}}],"collection":[{"href":"https:\/\/ugard.org.tr\/index.php\/wp-json\/wp\/v2\/posts"}],"about":[{"href":"https:\/\/ugard.org.tr\/index.php\/wp-json\/wp\/v2\/types\/post"}],"author":[{"embeddable":true,"href":"https:\/\/ugard.org.tr\/index.php\/wp-json\/wp\/v2\/users\/1"}],"replies":[{"embeddable":true,"href":"https:\/\/ugard.org.tr\/index.php\/wp-json\/wp\/v2\/comments?post=1576"}],"version-history":[{"count":1,"href":"https:\/\/ugard.org.tr\/index.php\/wp-json\/wp\/v2\/posts\/1576\/revisions"}],"predecessor-version":[{"id":1578,"href":"https:\/\/ugard.org.tr\/index.php\/wp-json\/wp\/v2\/posts\/1576\/revisions\/1578"}],"wp:featuredmedia":[{"embeddable":true,"href":"https:\/\/ugard.org.tr\/index.php\/wp-json\/wp\/v2\/media\/1577"}],"wp:attachment":[{"href":"https:\/\/ugard.org.tr\/index.php\/wp-json\/wp\/v2\/media?parent=1576"}],"wp:term":[{"taxonomy":"category","embeddable":true,"href":"https:\/\/ugard.org.tr\/index.php\/wp-json\/wp\/v2\/categories?post=1576"},{"taxonomy":"post_tag","embeddable":true,"href":"https:\/\/ugard.org.tr\/index.php\/wp-json\/wp\/v2\/tags?post=1576"}],"curies":[{"name":"wp","href":"https:\/\/api.w.org\/{rel}","templated":true}]}}