{"id":195,"date":"2021-12-20T07:12:00","date_gmt":"2021-12-20T07:12:00","guid":{"rendered":"https:\/\/ugard.org\/?p=195"},"modified":"2022-11-14T13:00:39","modified_gmt":"2022-11-14T13:00:39","slug":"engelli-haklari-izleme-platformu-kuruldu","status":"publish","type":"post","link":"https:\/\/ugard.org.tr\/index.php\/2021\/12\/20\/engelli-haklari-izleme-platformu-kuruldu\/","title":{"rendered":"Engelli Haklar\u0131 \u0130zleme Platformu Kuruldu!"},"content":{"rendered":"\n<p>Uluslararas\u0131 Gen\u00e7 Aray\u0131\u015f Derne\u011fi olarak Toplumsal Haklar ve Ara\u015ft\u0131rmalar Derne\u011fi&#8217;nin ba\u015fvuru sahibi oldu\u011fu Orta Karadeniz Engelliler Derne\u011fi ve \u015eanl\u0131urfa Omurilik Fel\u00e7lileri Derne\u011fi ortakl\u0131\u011f\u0131nda y\u00fcr\u00fct\u00fclen &#8220;Engelli Haklar\u0131 \u0130zleme Plaformu&#8221; projesinin ilk toplant\u0131s\u0131 \u0130stanbul\u2019da ger\u00e7ekle\u015ftirildi. <\/p>\n\n\n\n<p>Toplumsal Haklar ve Ara\u015ft\u0131rmalar Derne\u011fi&#8217;nin y\u00fcr\u00fct\u00fcc\u00fcl\u00fc\u011f\u00fcn\u00fc yapt\u0131\u011f\u0131 Engelli Haklar\u0131 \u0130zleme Grubu, D\u0131\u015f \u0130\u015fleri Bakanl\u0131\u011f\u0131 AB Ba\u015fkanl\u0131\u011f\u0131 Merkezi Finans ve \u0130hale Birimi fonu deste\u011fiyle platforma d\u00f6n\u00fc\u015ft\u00fc. 17-19 Aral\u0131k 2021 tarihinde \u0130stanbul&#8217;da ger\u00e7ekle\u015ftirilen toplant\u0131da T\u00fcrkiye&#8217;nin farkl\u0131 b\u00f6lgelerinden ve farkl\u0131 engel gruplar\u0131na y\u00f6nelik \u00e7al\u0131\u015fma y\u00fcr\u00fcten sivil toplum \u00f6rg\u00fctlerinin bir araya gelmesiyle Engelli Haklar\u0131 \u0130zleme Grubu platforma d\u00f6n\u00fc\u015ft\u00fc. <\/p>\n\n\n\n<p>\u0130stanbul&#8217;da ger\u00e7ekle\u015ftirilen Lobi \u00c7al\u0131\u015fmalar\u0131 ba\u015fl\u0131kl\u0131 ilk platform toplant\u0131s\u0131nda; &#8220;Dijitalle\u015fme ve STK\u2019larda Etkin Sosyal Medya Kullan\u0131m\u0131, Fark\u0131ndal\u0131k Kampanyalar\u0131 D\u00fczenleme ve At\u00f6lye \u00c7al\u0131\u015fmas\u0131, STK-Yaz\u0131l\u0131 ve G\u00f6rsel Medya \u0130leti\u015fimi, Bas\u0131n Duyurusu Haz\u0131rlama, STK\u2019larda Lobi \u00c7al\u0131\u015fmalar\u0131 ve G\u00f6r\u00fc\u015fme Teknikleri, Lobi \u00c7al\u0131\u015fmalar\u0131 Sim\u00fclasyonu&#8221; e\u011fitimi ger\u00e7ekle\u015ftirildi.<\/p>\n\n\n\n<figure class=\"wp-block-image size-large\"><img loading=\"lazy\" decoding=\"async\" width=\"1024\" height=\"769\" src=\"https:\/\/ugard.org\/wp-content\/uploads\/2022\/10\/48a1d625-e741-4bb3-9d4f-49ddce47097b-1024x769.jpg\" alt=\"\" class=\"wp-image-196\" srcset=\"https:\/\/ugard.org.tr\/wp-content\/uploads\/2022\/10\/48a1d625-e741-4bb3-9d4f-49ddce47097b-1024x769.jpg 1024w, https:\/\/ugard.org.tr\/wp-content\/uploads\/2022\/10\/48a1d625-e741-4bb3-9d4f-49ddce47097b-300x225.jpg 300w, https:\/\/ugard.org.tr\/wp-content\/uploads\/2022\/10\/48a1d625-e741-4bb3-9d4f-49ddce47097b-768x576.jpg 768w, https:\/\/ugard.org.tr\/wp-content\/uploads\/2022\/10\/48a1d625-e741-4bb3-9d4f-49ddce47097b-1536x1153.jpg 1536w, https:\/\/ugard.org.tr\/wp-content\/uploads\/2022\/10\/48a1d625-e741-4bb3-9d4f-49ddce47097b.jpg 1600w\" sizes=\"auto, (max-width: 1024px) 100vw, 1024px\" \/><\/figure>\n\n\n\n<p>Foto\u011fraf Betimlemesi: Kat\u0131l\u0131mc\u0131lar\u0131n u d\u00fczenindeki masa etraf\u0131nda yer ald\u0131\u011f\u0131 ve ortalar\u0131nda tekerlekli sandalye kullan\u0131c\u0131s\u0131 e\u011fitmenin sunum yapt\u0131\u011f\u0131 g\u00f6rsel.<\/p>\n","protected":false},"excerpt":{"rendered":"<p>Toplumsal Haklar ve Ara\u015ft\u0131rmalar Derne\u011fi&#8217;nin y\u00fcr\u00fct\u00fcc\u00fcl\u00fc\u011f\u00fcn\u00fc yapt\u0131\u011f\u0131 Engelli Haklar\u0131 \u0130zleme Grubu, T\u00fcrkiye&#8217;nin farkl\u0131 b\u00f6lgelerinden ve farkl\u0131 engel gruplar\u0131na y\u00f6nelik \u00e7al\u0131\u015fma y\u00fcr\u00fcten sivil toplum \u00f6rg\u00fctlerinin bir araya gelmesiyle platforma d\u00f6n\u00fc\u015ft\u00fc. <\/p>\n","protected":false},"author":1,"featured_media":198,"comment_status":"open","ping_status":"open","sticky":false,"template":"","format":"standard","meta":{"footnotes":""},"categories":[9],"tags":[5,11,6,12],"class_list":["post-195","post","type-post","status-publish","format-standard","has-post-thumbnail","hentry","category-haberler","tag-engelli-haklari","tag-izleme","tag-platform","tag-sto"],"_links":{"self":[{"href":"https:\/\/ugard.org.tr\/index.php\/wp-json\/wp\/v2\/posts\/195","targetHints":{"allow":["GET"]}}],"collection":[{"href":"https:\/\/ugard.org.tr\/index.php\/wp-json\/wp\/v2\/posts"}],"about":[{"href":"https:\/\/ugard.org.tr\/index.php\/wp-json\/wp\/v2\/types\/post"}],"author":[{"embeddable":true,"href":"https:\/\/ugard.org.tr\/index.php\/wp-json\/wp\/v2\/users\/1"}],"replies":[{"embeddable":true,"href":"https:\/\/ugard.org.tr\/index.php\/wp-json\/wp\/v2\/comments?post=195"}],"version-history":[{"count":0,"href":"https:\/\/ugard.org.tr\/index.php\/wp-json\/wp\/v2\/posts\/195\/revisions"}],"wp:featuredmedia":[{"embeddable":true,"href":"https:\/\/ugard.org.tr\/index.php\/wp-json\/wp\/v2\/media\/198"}],"wp:attachment":[{"href":"https:\/\/ugard.org.tr\/index.php\/wp-json\/wp\/v2\/media?parent=195"}],"wp:term":[{"taxonomy":"category","embeddable":true,"href":"https:\/\/ugard.org.tr\/index.php\/wp-json\/wp\/v2\/categories?post=195"},{"taxonomy":"post_tag","embeddable":true,"href":"https:\/\/ugard.org.tr\/index.php\/wp-json\/wp\/v2\/tags?post=195"}],"curies":[{"name":"wp","href":"https:\/\/api.w.org\/{rel}","templated":true}]}}