{"id":249,"date":"2022-01-17T13:49:24","date_gmt":"2022-01-17T13:49:24","guid":{"rendered":"https:\/\/ugard.org\/?p=249"},"modified":"2022-11-14T12:59:15","modified_gmt":"2022-11-14T12:59:15","slug":"samsunda-izleme-ve-raporlama-egitimi","status":"publish","type":"post","link":"https:\/\/ugard.org.tr\/index.php\/2022\/01\/17\/samsunda-izleme-ve-raporlama-egitimi\/","title":{"rendered":"Samsun&#8217;da \u0130zleme ve Raporlama E\u011fitimi"},"content":{"rendered":"\n<p>Uluslararas\u0131 Gen\u00e7 Aray\u0131\u015f Derne\u011fi olarak; 13-16 Ocak 2022 tarihinde, Toplumsal Haklar ve Ara\u015ft\u0131rmalar Derne\u011fi&#8217;nin ba\u015fvuru sahibi oldu\u011fu Orta Karadeniz Engelliler Derne\u011fi ve \u015eanl\u0131urfa Omurilik Fel\u00e7lileri Derne\u011fi ortakl\u0131\u011f\u0131nda y\u00fcr\u00fct\u00fclen &#8220;Engelli Haklar\u0131 \u0130zleme Platformu&#8221; toplant\u0131s\u0131 d\u00fczenlendi. Samsun&#8217;da ger\u00e7ekle\u015ftirilen \u0130zleme \u00c7al\u0131\u015fmas\u0131nda; T\u00fcrkiye&#8217;nin Engelli Haklar\u0131 A\u00e7\u0131s\u0131ndan De\u011ferlendirilmesi, \u0130zleme ve At\u00f6lye \u00c7al\u0131\u015fmalar\u0131, Raporlama Teknikleri ve \u0130lkeleri E\u011fitimi konu ba\u015fl\u0131klar\u0131 ele al\u0131nd\u0131 ve e\u011fitim tamamland\u0131.<\/p>\n\n\n\n<figure class=\"wp-block-image size-full\"><img loading=\"lazy\" decoding=\"async\" width=\"871\" height=\"606\" src=\"https:\/\/ugard.org\/wp-content\/uploads\/2022\/11\/image.png\" alt=\"\" class=\"wp-image-251\" srcset=\"https:\/\/ugard.org.tr\/wp-content\/uploads\/2022\/11\/image.png 871w, https:\/\/ugard.org.tr\/wp-content\/uploads\/2022\/11\/image-300x209.png 300w, https:\/\/ugard.org.tr\/wp-content\/uploads\/2022\/11\/image-768x534.png 768w\" sizes=\"auto, (max-width: 871px) 100vw, 871px\" \/><\/figure>\n\n\n\n<p>Foto\u011fraf Betimlemesi: T\u00fcm kat\u0131l\u0131mc\u0131lar\u0131n yer ald\u0131\u011f\u0131 toplu foto\u011fraf \u00e7ekimi. Kimisi dizlerinin \u00fczerinde kimisi ayakta kimisi tekerlekli sandalye kullan\u0131c\u0131s\u0131 olmak \u00fczere yakla\u015f\u0131k 30 kat\u0131l\u0131mc\u0131 salonda s\u0131rtlar\u0131 toplant\u0131 masalar\u0131na d\u00f6n\u00fck platform rool-up&#8217;\u0131 \u00f6n\u00fcnde poz vermekteler.<\/p>\n\n\n\n<p><\/p>\n\n\n\n<p><\/p>\n","protected":false},"excerpt":{"rendered":"<p>Uluslararas\u0131 Gen\u00e7 Aray\u0131\u015f Derne\u011fi olarak; 13-16 Ocak 2022 tarihinde, Toplumsal Haklar ve Ara\u015ft\u0131rmalar Derne\u011fi&#8217;nin ba\u015fvuru sahibi oldu\u011fu Orta Karadeniz Engelliler Derne\u011fi ve \u015eanl\u0131urfa Omurilik Fel\u00e7lileri Derne\u011fi ortakl\u0131\u011f\u0131nda y\u00fcr\u00fct\u00fclen &#8220;Engelli Haklar\u0131 \u0130zleme Platformu&#8221; toplant\u0131s\u0131 d\u00fczenlendi. Samsun&#8217;da ger\u00e7ekle\u015ftirilen \u0130zleme \u00c7al\u0131\u015fmas\u0131nda; T\u00fcrkiye&#8217;nin Engelli Haklar\u0131 A\u00e7\u0131s\u0131ndan De\u011ferlendirilmesi, \u0130zleme ve At\u00f6lye \u00c7al\u0131\u015fmalar\u0131, Raporlama Teknikleri ve \u0130lkeleri E\u011fitimi konu ba\u015fl\u0131klar\u0131 ele [&hellip;]<\/p>\n","protected":false},"author":1,"featured_media":251,"comment_status":"open","ping_status":"open","sticky":false,"template":"","format":"standard","meta":{"footnotes":""},"categories":[9],"tags":[],"class_list":["post-249","post","type-post","status-publish","format-standard","has-post-thumbnail","hentry","category-haberler"],"_links":{"self":[{"href":"https:\/\/ugard.org.tr\/index.php\/wp-json\/wp\/v2\/posts\/249","targetHints":{"allow":["GET"]}}],"collection":[{"href":"https:\/\/ugard.org.tr\/index.php\/wp-json\/wp\/v2\/posts"}],"about":[{"href":"https:\/\/ugard.org.tr\/index.php\/wp-json\/wp\/v2\/types\/post"}],"author":[{"embeddable":true,"href":"https:\/\/ugard.org.tr\/index.php\/wp-json\/wp\/v2\/users\/1"}],"replies":[{"embeddable":true,"href":"https:\/\/ugard.org.tr\/index.php\/wp-json\/wp\/v2\/comments?post=249"}],"version-history":[{"count":0,"href":"https:\/\/ugard.org.tr\/index.php\/wp-json\/wp\/v2\/posts\/249\/revisions"}],"wp:featuredmedia":[{"embeddable":true,"href":"https:\/\/ugard.org.tr\/index.php\/wp-json\/wp\/v2\/media\/251"}],"wp:attachment":[{"href":"https:\/\/ugard.org.tr\/index.php\/wp-json\/wp\/v2\/media?parent=249"}],"wp:term":[{"taxonomy":"category","embeddable":true,"href":"https:\/\/ugard.org.tr\/index.php\/wp-json\/wp\/v2\/categories?post=249"},{"taxonomy":"post_tag","embeddable":true,"href":"https:\/\/ugard.org.tr\/index.php\/wp-json\/wp\/v2\/tags?post=249"}],"curies":[{"name":"wp","href":"https:\/\/api.w.org\/{rel}","templated":true}]}}