{"id":255,"date":"2022-02-14T13:02:00","date_gmt":"2022-02-14T13:02:00","guid":{"rendered":"https:\/\/ugard.org\/?p=255"},"modified":"2022-11-14T13:04:55","modified_gmt":"2022-11-14T13:04:55","slug":"savunuculuk-egitimi","status":"publish","type":"post","link":"https:\/\/ugard.org.tr\/index.php\/2022\/02\/14\/savunuculuk-egitimi\/","title":{"rendered":"Savunuculuk E\u011fitimi"},"content":{"rendered":"\n<p>Uluslararas\u0131 Gen\u00e7 Aray\u0131\u015f Derne\u011fi olarak; Toplumsal Haklar ve Ara\u015ft\u0131rmalar Derne\u011fi&#8217;nin ba\u015fvuru sahibi oldu\u011fu Orta Karadeniz Engelliler Derne\u011fi ve \u015eanl\u0131urfa Omurilik Fel\u00e7lileri Derne\u011fi ortakl\u0131\u011f\u0131nda y\u00fcr\u00fct\u00fclen &#8220;Engelli Haklar\u0131 \u0130zleme Plaformu&#8221; toplant\u0131s\u0131 11-13 \u015eubat 2022 tarihinde \u0130stanbul\u2019da ger\u00e7ekle\u015ftirildi. \u0130stanbul&#8217;da ger\u00e7ekle\u015ftirilen Savunuculuk \u00c7al\u0131\u015fmas\u0131nda; Engellilik A\u00e7\u0131s\u0131ndan Yoksulluk ve Yoksunluk Meselesi, \u0130dari ba\u015fvurularda dilek\u00e7e yaz\u0131m\u0131 e\u011fitimi ve lobi \u00e7al\u0131\u015fmalar\u0131 konu ba\u015fl\u0131klar\u0131 ile e\u011fitimler verildi.<\/p>\n","protected":false},"excerpt":{"rendered":"<p>Engellilik A\u00e7\u0131s\u0131ndan Yoksulluk ve Yoksunluk Meselesi, \u0130dari ba\u015fvurularda dilek\u00e7e yaz\u0131m\u0131 e\u011fitimi ve lobi \u00e7al\u0131\u015fmalar\u0131 konu ba\u015fl\u0131klar\u0131 ile e\u011fitimler verildi.<\/p>\n","protected":false},"author":1,"featured_media":0,"comment_status":"open","ping_status":"open","sticky":false,"template":"","format":"standard","meta":{"footnotes":""},"categories":[9],"tags":[5,7,11,6,8,12],"class_list":["post-255","post","type-post","status-publish","format-standard","hentry","category-haberler","tag-engelli-haklari","tag-genclik","tag-izleme","tag-platform","tag-savunuculuk","tag-sto"],"_links":{"self":[{"href":"https:\/\/ugard.org.tr\/index.php\/wp-json\/wp\/v2\/posts\/255","targetHints":{"allow":["GET"]}}],"collection":[{"href":"https:\/\/ugard.org.tr\/index.php\/wp-json\/wp\/v2\/posts"}],"about":[{"href":"https:\/\/ugard.org.tr\/index.php\/wp-json\/wp\/v2\/types\/post"}],"author":[{"embeddable":true,"href":"https:\/\/ugard.org.tr\/index.php\/wp-json\/wp\/v2\/users\/1"}],"replies":[{"embeddable":true,"href":"https:\/\/ugard.org.tr\/index.php\/wp-json\/wp\/v2\/comments?post=255"}],"version-history":[{"count":0,"href":"https:\/\/ugard.org.tr\/index.php\/wp-json\/wp\/v2\/posts\/255\/revisions"}],"wp:attachment":[{"href":"https:\/\/ugard.org.tr\/index.php\/wp-json\/wp\/v2\/media?parent=255"}],"wp:term":[{"taxonomy":"category","embeddable":true,"href":"https:\/\/ugard.org.tr\/index.php\/wp-json\/wp\/v2\/categories?post=255"},{"taxonomy":"post_tag","embeddable":true,"href":"https:\/\/ugard.org.tr\/index.php\/wp-json\/wp\/v2\/tags?post=255"}],"curies":[{"name":"wp","href":"https:\/\/api.w.org\/{rel}","templated":true}]}}