{"id":258,"date":"2022-03-07T13:05:00","date_gmt":"2022-03-07T13:05:00","guid":{"rendered":"https:\/\/ugard.org\/?p=258"},"modified":"2022-11-14T13:24:10","modified_gmt":"2022-11-14T13:24:10","slug":"sanliurfada-saha-tarama-toplantisi","status":"publish","type":"post","link":"https:\/\/ugard.org.tr\/index.php\/2022\/03\/07\/sanliurfada-saha-tarama-toplantisi\/","title":{"rendered":"\u015eanl\u0131urfa&#8217;da Saha Tarama Toplant\u0131s\u0131"},"content":{"rendered":"\n<p>Uluslararas\u0131 Gen\u00e7 Aray\u0131\u015f Derne\u011fi olarak; Toplumsal Haklar ve Ara\u015ft\u0131rmalar Derne\u011fi&#8217;nin ba\u015fvuru sahibi oldu\u011fu Orta Karadeniz Engelliler Derne\u011fi ve \u015eanl\u0131urfa Omurilik Fel\u00e7lileri Derne\u011fi ortakl\u0131\u011f\u0131nda y\u00fcr\u00fct\u00fclen &#8220;Engelli Haklar\u0131 \u0130zleme Plaformu&#8221; toplant\u0131s\u0131nda yer ald\u0131k. \u015eanl\u0131urfa&#8217;da 03-06 Mart 2022 tarihinde ger\u00e7ekle\u015ftirilen Saha Tarama Toplant\u0131s\u0131&#8217;nda; &#8220;Sivil Toplum \u00d6rg\u00fctleri ile Platformun \u0130lkeleri Beyannamesi, BM Engelli S\u00f6zle\u015fmesi ekseninde izleme ba\u015fl\u0131klar\u0131nda (ba\u011f\u0131ms\u0131z ya\u015fam ve topluma dahil olma, ki\u015fisel hareketlilik, sa\u011fl\u0131k, rehabilitasyon, yeterli ya\u015fam standard\u0131 ve sosyal koruma), Sahada Kar\u015f\u0131la\u015f\u0131lan Sorunlar, Ekonomik Kriz ve Yoksullu\u011fun Engelli Bireylerin Ya\u015fam\u0131na Etkileri&#8221; konu ba\u015fl\u0131klar\u0131 ile e\u011fitimi tamamlam\u0131\u015f olduk.<\/p>\n\n\n\n<figure class=\"wp-block-image size-full\"><img loading=\"lazy\" decoding=\"async\" width=\"782\" height=\"586\" src=\"https:\/\/ugard.org\/wp-content\/uploads\/2022\/11\/image-1.png\" alt=\"Yakla\u015f\u0131k 30 kat\u0131l\u0131mc\u0131n\u0131n yer ald\u0131\u011f\u0131 toplu foto\u011fraf \u00e7ekimi\" class=\"wp-image-260\" srcset=\"https:\/\/ugard.org.tr\/wp-content\/uploads\/2022\/11\/image-1.png 782w, https:\/\/ugard.org.tr\/wp-content\/uploads\/2022\/11\/image-1-300x225.png 300w, https:\/\/ugard.org.tr\/wp-content\/uploads\/2022\/11\/image-1-768x576.png 768w\" sizes=\"auto, (max-width: 782px) 100vw, 782px\" \/><\/figure>\n\n\n\n<p><\/p>\n","protected":false},"excerpt":{"rendered":"<p>Saha Tarama Toplant\u0131s\u0131&#8217;nda; &#8220;Sivil Toplum \u00d6rg\u00fctleri ile Platformun \u0130lkeleri Beyannamesi, BM Engelli S\u00f6zle\u015fmesi ekseninde izleme, Sahada Kar\u015f\u0131la\u015f\u0131lan Sorunlar, Ekonomik Kriz ve Yoksullu\u011fun Engelli Bireylerin Ya\u015fam\u0131na Etkileri&#8221; konu ba\u015fl\u0131klar\u0131 ile e\u011fitimler ger\u00e7ekle\u015ftirildi.<\/p>\n","protected":false},"author":1,"featured_media":260,"comment_status":"open","ping_status":"open","sticky":false,"template":"","format":"standard","meta":{"footnotes":""},"categories":[9],"tags":[5,11,6,8,12],"class_list":["post-258","post","type-post","status-publish","format-standard","has-post-thumbnail","hentry","category-haberler","tag-engelli-haklari","tag-izleme","tag-platform","tag-savunuculuk","tag-sto"],"_links":{"self":[{"href":"https:\/\/ugard.org.tr\/index.php\/wp-json\/wp\/v2\/posts\/258","targetHints":{"allow":["GET"]}}],"collection":[{"href":"https:\/\/ugard.org.tr\/index.php\/wp-json\/wp\/v2\/posts"}],"about":[{"href":"https:\/\/ugard.org.tr\/index.php\/wp-json\/wp\/v2\/types\/post"}],"author":[{"embeddable":true,"href":"https:\/\/ugard.org.tr\/index.php\/wp-json\/wp\/v2\/users\/1"}],"replies":[{"embeddable":true,"href":"https:\/\/ugard.org.tr\/index.php\/wp-json\/wp\/v2\/comments?post=258"}],"version-history":[{"count":0,"href":"https:\/\/ugard.org.tr\/index.php\/wp-json\/wp\/v2\/posts\/258\/revisions"}],"wp:featuredmedia":[{"embeddable":true,"href":"https:\/\/ugard.org.tr\/index.php\/wp-json\/wp\/v2\/media\/260"}],"wp:attachment":[{"href":"https:\/\/ugard.org.tr\/index.php\/wp-json\/wp\/v2\/media?parent=258"}],"wp:term":[{"taxonomy":"category","embeddable":true,"href":"https:\/\/ugard.org.tr\/index.php\/wp-json\/wp\/v2\/categories?post=258"},{"taxonomy":"post_tag","embeddable":true,"href":"https:\/\/ugard.org.tr\/index.php\/wp-json\/wp\/v2\/tags?post=258"}],"curies":[{"name":"wp","href":"https:\/\/api.w.org\/{rel}","templated":true}]}}