{"id":283,"date":"2022-06-24T20:32:00","date_gmt":"2022-06-24T20:32:00","guid":{"rendered":"https:\/\/ugard.org\/?p=283"},"modified":"2022-11-15T12:41:43","modified_gmt":"2022-11-15T12:41:43","slug":"turizme-erisiyoruz-projesi-sabanci-vakfi-tarafindan-desteklenmeye-hak-kazandi","status":"publish","type":"post","link":"https:\/\/ugard.org.tr\/index.php\/2022\/06\/24\/turizme-erisiyoruz-projesi-sabanci-vakfi-tarafindan-desteklenmeye-hak-kazandi\/","title":{"rendered":"&#8220;Turizme Eri\u015fiyoruz&#8221; Projesi Sabanc\u0131 Vakf\u0131 Taraf\u0131ndan Desteklenmeye Hak Kazand\u0131!"},"content":{"rendered":"\n<p>Kad\u0131n, gen\u00e7 ve engellilerin e\u015fit f\u0131rsatlara sahip olmalar\u0131n\u0131 ve topluma aktif kat\u0131l\u0131mlar\u0131n\u0131 destekleyen Sabanc\u0131 Vakf\u0131 taraf\u0131ndan 24 Haziran 2022\u2019de &#8220;Turizme Eri\u015fiyoruz&#8221; Projesi kabul edildi. Ba\u015fvuru sahibinin Fethiye Turizm Tan\u0131t\u0131m E\u011fitim K\u00fclt\u00fcr ve \u00c7evre Vakf\u0131 (FETAV) oldu\u011fu; Toplumsal Haklar ve Ara\u015ft\u0131rmalar Derne\u011fi (TOHAD), \u015eanl\u0131urfa Omurilik Fel\u00e7lileri Derne\u011fi (\u015eUOF\u0130D) ve Uluslararas\u0131 Gen\u00e7 Aray\u0131\u015f Derne\u011fi (UGARD)\u2019nin de ortak olarak yer ald\u0131\u011f\u0131 bu projede engelli bireylerin turizm eri\u015filebilirli\u011fine ili\u015fkin \u00e7al\u0131\u015fmalar y\u00fcr\u00fct\u00fclecektir. Bu kapsamda 12 ay s\u00fcrecek olan projede turizme y\u00f6nelik hizmet sa\u011flayan WEB sitelerinin WEB eri\u015filebilirli\u011fi, turizmde engelli mevzuat\u0131 ve Avrupa\u2019daki iyi uygulamalara y\u00f6nelik 3 izleme \u00e7al\u0131\u015fmas\u0131 yay\u0131nlanacakt\u0131r. Bunun d\u0131\u015f\u0131nda bir e\u011fitmen e\u011fiticili\u011fi ve bir eri\u015filebilir turizm zirvesi de planlanmaktad\u0131r. \u00c7al\u0131\u015fmalar sonucunda turizm fak\u00fcltelerinde ve otellerde engelli bireylerle ileti\u015fim konular\u0131nda e\u011fitimler de verilecektir.<\/p>\n","protected":false},"excerpt":{"rendered":"<p>Ba\u015fvuru sahibinin Fethiye Turizm Tan\u0131t\u0131m E\u011fitim K\u00fclt\u00fcr ve \u00c7evre Vakf\u0131 (FETAV) oldu\u011fu; Toplumsal Haklar ve Ara\u015ft\u0131rmalar Derne\u011fi (TOHAD), \u015eanl\u0131urfa Omurilik Fel\u00e7lileri Derne\u011fi (\u015eUOF\u0130D) ve Uluslararas\u0131 Gen\u00e7 Aray\u0131\u015f Derne\u011fi (UGARD)\u2019nin de ortak olarak yer ald\u0131\u011f\u0131 bu projede engelli bireylerin turizm eri\u015filebilirli\u011fine ili\u015fkin \u00e7al\u0131\u015fmalar y\u00fcr\u00fct\u00fclecektir.<\/p>\n","protected":false},"author":1,"featured_media":0,"comment_status":"open","ping_status":"open","sticky":false,"template":"","format":"standard","meta":{"footnotes":""},"categories":[9],"tags":[5,25,26,7,8,27],"class_list":["post-283","post","type-post","status-publish","format-standard","hentry","category-haberler","tag-engelli-haklari","tag-engellilik","tag-erisilebilirlik","tag-genclik","tag-savunuculuk","tag-turizm"],"_links":{"self":[{"href":"https:\/\/ugard.org.tr\/index.php\/wp-json\/wp\/v2\/posts\/283","targetHints":{"allow":["GET"]}}],"collection":[{"href":"https:\/\/ugard.org.tr\/index.php\/wp-json\/wp\/v2\/posts"}],"about":[{"href":"https:\/\/ugard.org.tr\/index.php\/wp-json\/wp\/v2\/types\/post"}],"author":[{"embeddable":true,"href":"https:\/\/ugard.org.tr\/index.php\/wp-json\/wp\/v2\/users\/1"}],"replies":[{"embeddable":true,"href":"https:\/\/ugard.org.tr\/index.php\/wp-json\/wp\/v2\/comments?post=283"}],"version-history":[{"count":0,"href":"https:\/\/ugard.org.tr\/index.php\/wp-json\/wp\/v2\/posts\/283\/revisions"}],"wp:attachment":[{"href":"https:\/\/ugard.org.tr\/index.php\/wp-json\/wp\/v2\/media?parent=283"}],"wp:term":[{"taxonomy":"category","embeddable":true,"href":"https:\/\/ugard.org.tr\/index.php\/wp-json\/wp\/v2\/categories?post=283"},{"taxonomy":"post_tag","embeddable":true,"href":"https:\/\/ugard.org.tr\/index.php\/wp-json\/wp\/v2\/tags?post=283"}],"curies":[{"name":"wp","href":"https:\/\/api.w.org\/{rel}","templated":true}]}}