{"id":291,"date":"2022-08-09T13:13:00","date_gmt":"2022-08-09T13:13:00","guid":{"rendered":"https:\/\/ugard.org\/?p=291"},"modified":"2022-11-15T13:31:59","modified_gmt":"2022-11-15T13:31:59","slug":"holistic-learning-genclik-degisimi-projesine-katildik","status":"publish","type":"post","link":"https:\/\/ugard.org.tr\/index.php\/2022\/08\/09\/holistic-learning-genclik-degisimi-projesine-katildik\/","title":{"rendered":"&#8220;Holistic Learning&#8221; Gen\u00e7lik De\u011fi\u015fimi Projesine Kat\u0131ld\u0131k!"},"content":{"rendered":"\n<p>Uluslararas\u0131 Gen\u00e7 Aray\u0131\u015f Derne\u011fi olarak 1-8 A\u011fustos 2022 tarihleri aras\u0131nda Erasmus+ gen\u00e7lik de\u011fi\u015fimi kapsam\u0131nda ger\u00e7ekle\u015ftirilen ve ev sahipli\u011fini \u0130spanya&#8217;n\u0131n yapt\u0131\u011f\u0131 &#8220;Holistic Learning&#8221; isimli projede 2 kat\u0131l\u0131mc\u0131 ile yer ald\u0131k. T\u00fcrkiye, Rusya, Ukrayna, G\u00fcrcistan ve Ermenistan \u00fclkelerinden 30 kat\u0131l\u0131mc\u0131n\u0131n yer ald\u0131\u011f\u0131 bu etkinlikte duygusal zeka, yarat\u0131c\u0131l\u0131k, analitik d\u00fc\u015f\u00fcnme ve do\u011fayla i\u00e7 i\u00e7e ya\u015fama temalar\u0131n\u0131 merkez alan interaktif at\u00f6lyelerle verimli ve keyifli bir \u00f6\u011frenme s\u00fcreci ge\u00e7irdik. Bu projede eme\u011fi ge\u00e7en herkese ve bizleri en g\u00fczel \u015fekilde temsil eden kat\u0131l\u0131mc\u0131lar\u0131m\u0131za \u00e7ok te\u015fekk\u00fcr ederiz.<\/p>\n\n\n\n<figure class=\"wp-block-image size-full\"><img loading=\"lazy\" decoding=\"async\" width=\"801\" height=\"601\" src=\"https:\/\/ugard.org\/wp-content\/uploads\/2022\/11\/image-5.png\" alt=\"\" class=\"wp-image-293\" srcset=\"https:\/\/ugard.org.tr\/wp-content\/uploads\/2022\/11\/image-5.png 801w, https:\/\/ugard.org.tr\/wp-content\/uploads\/2022\/11\/image-5-300x225.png 300w, https:\/\/ugard.org.tr\/wp-content\/uploads\/2022\/11\/image-5-768x576.png 768w\" sizes=\"auto, (max-width: 801px) 100vw, 801px\" \/><\/figure>\n","protected":false},"excerpt":{"rendered":"<p>Erasmus+ gen\u00e7lik de\u011fi\u015fimi kapsam\u0131nda ger\u00e7ekle\u015ftirilen ve ev sahipli\u011fini \u0130spanya&#8217;n\u0131n yapt\u0131\u011f\u0131 &#8220;Holistic Learning&#8221; isimli projede 2 kat\u0131l\u0131mc\u0131 ile yer ald\u0131k.<\/p>\n","protected":false},"author":1,"featured_media":293,"comment_status":"open","ping_status":"open","sticky":false,"template":"","format":"standard","meta":{"footnotes":""},"categories":[9],"tags":[33,7,32,34,35],"class_list":["post-291","post","type-post","status-publish","format-standard","has-post-thumbnail","hentry","category-haberler","tag-erasmus-2","tag-genclik","tag-genclik-degisimi","tag-ispanya","tag-ogrenme"],"_links":{"self":[{"href":"https:\/\/ugard.org.tr\/index.php\/wp-json\/wp\/v2\/posts\/291","targetHints":{"allow":["GET"]}}],"collection":[{"href":"https:\/\/ugard.org.tr\/index.php\/wp-json\/wp\/v2\/posts"}],"about":[{"href":"https:\/\/ugard.org.tr\/index.php\/wp-json\/wp\/v2\/types\/post"}],"author":[{"embeddable":true,"href":"https:\/\/ugard.org.tr\/index.php\/wp-json\/wp\/v2\/users\/1"}],"replies":[{"embeddable":true,"href":"https:\/\/ugard.org.tr\/index.php\/wp-json\/wp\/v2\/comments?post=291"}],"version-history":[{"count":0,"href":"https:\/\/ugard.org.tr\/index.php\/wp-json\/wp\/v2\/posts\/291\/revisions"}],"wp:featuredmedia":[{"embeddable":true,"href":"https:\/\/ugard.org.tr\/index.php\/wp-json\/wp\/v2\/media\/293"}],"wp:attachment":[{"href":"https:\/\/ugard.org.tr\/index.php\/wp-json\/wp\/v2\/media?parent=291"}],"wp:term":[{"taxonomy":"category","embeddable":true,"href":"https:\/\/ugard.org.tr\/index.php\/wp-json\/wp\/v2\/categories?post=291"},{"taxonomy":"post_tag","embeddable":true,"href":"https:\/\/ugard.org.tr\/index.php\/wp-json\/wp\/v2\/tags?post=291"}],"curies":[{"name":"wp","href":"https:\/\/api.w.org\/{rel}","templated":true}]}}