{"id":298,"date":"2022-08-28T13:33:00","date_gmt":"2022-08-28T13:33:00","guid":{"rendered":"https:\/\/ugard.org\/?p=298"},"modified":"2022-11-15T13:42:28","modified_gmt":"2022-11-15T13:42:28","slug":"iklimin-gelecegi-gelecegin-iklimi","status":"publish","type":"post","link":"https:\/\/ugard.org.tr\/index.php\/2022\/08\/28\/iklimin-gelecegi-gelecegin-iklimi\/","title":{"rendered":"&#8220;\u0130klimin Gelece\u011fi: Gelece\u011fin \u0130klimi&#8221;"},"content":{"rendered":"\n<p>Uluslararas\u0131 Gen\u00e7 Aray\u0131\u015f Derne\u011fi olarak; 21-27 A\u011fustos 2022 tarihleri aras\u0131nda Kastamonu&#8217;da ger\u00e7ekle\u015ftirilen TUB\u0130TAK 4004 &#8220;\u0130klimin Gelece\u011fi: Gelece\u011fin \u0130klimi&#8221; adl\u0131 projede yer ald\u0131k. Projede; \u0130klim De\u011fi\u015fikli\u011fi, Do\u011fa ve T\u00fcrkiye, \u0130klim ve Yaban Hayat\u0131, \u0130klim De\u011fi\u015fikli\u011fine Dayal\u0131 Tar\u0131msal Alanda S\u00fcrd\u00fcr\u00fclebilirlik, Sudaki Ayak \u0130zimiz, Orman Yang\u0131nlar\u0131 ve Al\u0131nmas\u0131 Gereken Tedbirler, Geri D\u00f6n\u00fc\u015f\u00fcm Bilinci, S\u00fcrd\u00fcr\u00fclebilir T\u00fcketim ve S\u00fcrd\u00fcr\u00fclebilir Yat\u0131r\u0131m, \u0130klim De\u011fi\u015fikli\u011finin Afet Etkisinin \u0130nteraktif Boyutlu \u0130ncelenmesi, \u0130klim De\u011fi\u015fikli\u011finde Y\u00f6neti\u015fim, Yerel Y\u00f6netimlerin Rol\u00fc, Ekolojik Giri\u015fimcilik, Sel ve Ta\u015fk\u0131n Afetinden Korunmak i\u00e7in Ne Yapmal\u0131y\u0131z?, EcoPrint, Kayna\u011f\u0131nda At\u0131k Ayr\u0131\u015ft\u0131rma Fark\u0131ndal\u0131\u011f\u0131, T\u0131bbi Aromatik Bitkilerden Nihai \u00dcr\u00fcn \u00dcretme, \u0130klim De\u011fi\u015fikli\u011fine Kar\u015f\u0131 Sorumlu Turizm konular\u0131 ele al\u0131nd\u0131 ve bu alanlarda \u00e7al\u0131\u015fmalar yap\u0131ld\u0131.<\/p>\n\n\n\n<figure class=\"wp-block-image size-full\"><img loading=\"lazy\" decoding=\"async\" width=\"752\" height=\"501\" src=\"https:\/\/ugard.org\/wp-content\/uploads\/2022\/11\/image-6.png\" alt=\"Kat\u0131l\u0131mc\u0131lar\u0131n \u00f6nlerinde yer alan dolu \u00e7\u00f6p torbalar\u0131 ile ormanl\u0131k alanda toplu foto\u011fraf \u00e7ekimi.\" class=\"wp-image-300\" srcset=\"https:\/\/ugard.org.tr\/wp-content\/uploads\/2022\/11\/image-6.png 752w, https:\/\/ugard.org.tr\/wp-content\/uploads\/2022\/11\/image-6-300x200.png 300w\" sizes=\"auto, (max-width: 752px) 100vw, 752px\" \/><\/figure>\n","protected":false},"excerpt":{"rendered":"<p>Uluslararas\u0131 Gen\u00e7 Aray\u0131\u015f Derne\u011fi olarak; 21-27 A\u011fustos 2022 tarihleri aras\u0131nda Kastamonu&#8217;da ger\u00e7ekle\u015ftirilen TUB\u0130TAK 4004 &#8220;\u0130klimin Gelece\u011fi: Gelece\u011fin \u0130klimi&#8221; adl\u0131 projede yer ald\u0131k.<\/p>\n","protected":false},"author":1,"featured_media":300,"comment_status":"open","ping_status":"open","sticky":false,"template":"","format":"standard","meta":{"footnotes":""},"categories":[9],"tags":[36,7,23,37,38,39,40],"class_list":["post-298","post","type-post","status-publish","format-standard","has-post-thumbnail","hentry","category-haberler","tag-cevre","tag-genclik","tag-gonulluluk","tag-iklim","tag-iklim-degisikligi","tag-tubitak","tag-tubitak-4004"],"_links":{"self":[{"href":"https:\/\/ugard.org.tr\/index.php\/wp-json\/wp\/v2\/posts\/298","targetHints":{"allow":["GET"]}}],"collection":[{"href":"https:\/\/ugard.org.tr\/index.php\/wp-json\/wp\/v2\/posts"}],"about":[{"href":"https:\/\/ugard.org.tr\/index.php\/wp-json\/wp\/v2\/types\/post"}],"author":[{"embeddable":true,"href":"https:\/\/ugard.org.tr\/index.php\/wp-json\/wp\/v2\/users\/1"}],"replies":[{"embeddable":true,"href":"https:\/\/ugard.org.tr\/index.php\/wp-json\/wp\/v2\/comments?post=298"}],"version-history":[{"count":0,"href":"https:\/\/ugard.org.tr\/index.php\/wp-json\/wp\/v2\/posts\/298\/revisions"}],"wp:featuredmedia":[{"embeddable":true,"href":"https:\/\/ugard.org.tr\/index.php\/wp-json\/wp\/v2\/media\/300"}],"wp:attachment":[{"href":"https:\/\/ugard.org.tr\/index.php\/wp-json\/wp\/v2\/media?parent=298"}],"wp:term":[{"taxonomy":"category","embeddable":true,"href":"https:\/\/ugard.org.tr\/index.php\/wp-json\/wp\/v2\/categories?post=298"},{"taxonomy":"post_tag","embeddable":true,"href":"https:\/\/ugard.org.tr\/index.php\/wp-json\/wp\/v2\/tags?post=298"}],"curies":[{"name":"wp","href":"https:\/\/api.w.org\/{rel}","templated":true}]}}