{"id":303,"date":"2022-09-23T13:43:00","date_gmt":"2022-09-23T13:43:00","guid":{"rendered":"https:\/\/ugard.org\/?p=303"},"modified":"2022-11-15T13:53:01","modified_gmt":"2022-11-15T13:53:01","slug":"stok-herkese-lazim-dersler-egitim-serisi","status":"publish","type":"post","link":"https:\/\/ugard.org.tr\/index.php\/2022\/09\/23\/stok-herkese-lazim-dersler-egitim-serisi\/","title":{"rendered":"STOK &#8220;Herkese Laz\u0131m Dersler&#8221; E\u011fitim Serisi"},"content":{"rendered":"\n<p>Uluslararas\u0131 Gen\u00e7 Aray\u0131\u015f Derne\u011fi olarak; Sivil Toplum Geli\u015ftirme Merkezi Derne\u011fi taraf\u0131ndan Ankara\u2019da ger\u00e7ekle\u015ftirilen\u00a0 Sivil Toplum Okulu \u201cHerkese Laz\u0131m Dersler\u201d e\u011fitim serisinde yer ald\u0131k. Bu kapsamda ilk olarak 25-27 May\u0131s 2022 tarihlerinde Sivil Topluma Genel Bir Bak\u0131\u015f ba\u015fl\u0131kl\u0131 e\u011fitimde Sivil Toplumun Ahval ve \u015eeriati: \u0130leti\u015fim ve Ba\u011flar, Siyasel Haller, Kamusal\u0131n Muktebel Akk\u0131beti, Toplumu Yeniden Toplamak ve Toplumsal\u0131n G\u00fcncel Hareketlili\u011fi konular\u0131 ele al\u0131nd\u0131. \u0130kinci olarak 23-25 Haziran 2022 tarihlerinde ST\u00d6\u2019ler i\u00e7in \u00d6rg\u00fct Tasar\u0131m\u0131 ve Y\u00f6netimi ba\u015fl\u0131\u011f\u0131nda \u00d6rg\u00fct ve \u0130nsan, \u00d6rg\u00fctsel Ba\u011flanma, \u00d6rg\u00fctsel \u00d6\u011frenme ve Sivil Toplumda \u00d6z D\u00fczenleme ba\u015fl\u0131kl\u0131 konular ele al\u0131nd\u0131. Son olarak 19-21 Temmuz 2022 tarihlerinde Hak Temelli Yakla\u015f\u0131m ve Ana Ak\u0131mla\u015ft\u0131rma ba\u015fl\u0131kl\u0131 e\u011fitimde \u0130nsan Haklar\u0131 ve Kalk\u0131nma Hakk\u0131, Hak Temelli \u00d6rg\u00fct Olma, E\u015fitlik i\u00e7in Ayr\u0131mc\u0131l\u0131kla M\u00fccadele, \u0130leti\u015fim Temelli Kat\u0131l\u0131m ve Savunuculuk konular\u0131 ele al\u0131nd\u0131.<\/p>\n\n\n\n<figure class=\"wp-block-image size-full\"><img loading=\"lazy\" decoding=\"async\" width=\"868\" height=\"488\" src=\"https:\/\/ugard.org\/wp-content\/uploads\/2022\/11\/image-7.png\" alt=\"Kat\u0131l\u0131mc\u0131lar\u0131n #stok yaz\u0131s\u0131n\u0131n arkas\u0131nda toplu foto\u011fraf \u00e7ekimi.\" class=\"wp-image-305\" srcset=\"https:\/\/ugard.org.tr\/wp-content\/uploads\/2022\/11\/image-7.png 868w, https:\/\/ugard.org.tr\/wp-content\/uploads\/2022\/11\/image-7-300x169.png 300w, https:\/\/ugard.org.tr\/wp-content\/uploads\/2022\/11\/image-7-768x432.png 768w\" sizes=\"auto, (max-width: 868px) 100vw, 868px\" \/><\/figure>\n","protected":false},"excerpt":{"rendered":"<p>Sivil Toplum Geli\u015ftirme Merkezi Derne\u011fi taraf\u0131ndan Ankara\u2019da ger\u00e7ekle\u015ftirilen\u00a0 Sivil Toplum Okulu \u201cHerkese Laz\u0131m Dersler\u201d e\u011fitim serisinde yer ald\u0131k.<\/p>\n","protected":false},"author":1,"featured_media":305,"comment_status":"open","ping_status":"open","sticky":false,"template":"","format":"standard","meta":{"footnotes":""},"categories":[9],"tags":[7,23,44,42,41,43],"class_list":["post-303","post","type-post","status-publish","format-standard","has-post-thumbnail","hentry","category-haberler","tag-genclik","tag-gonulluluk","tag-herkese-lazim-dersler","tag-sivil-toplum","tag-stgm","tag-stok"],"_links":{"self":[{"href":"https:\/\/ugard.org.tr\/index.php\/wp-json\/wp\/v2\/posts\/303","targetHints":{"allow":["GET"]}}],"collection":[{"href":"https:\/\/ugard.org.tr\/index.php\/wp-json\/wp\/v2\/posts"}],"about":[{"href":"https:\/\/ugard.org.tr\/index.php\/wp-json\/wp\/v2\/types\/post"}],"author":[{"embeddable":true,"href":"https:\/\/ugard.org.tr\/index.php\/wp-json\/wp\/v2\/users\/1"}],"replies":[{"embeddable":true,"href":"https:\/\/ugard.org.tr\/index.php\/wp-json\/wp\/v2\/comments?post=303"}],"version-history":[{"count":0,"href":"https:\/\/ugard.org.tr\/index.php\/wp-json\/wp\/v2\/posts\/303\/revisions"}],"wp:featuredmedia":[{"embeddable":true,"href":"https:\/\/ugard.org.tr\/index.php\/wp-json\/wp\/v2\/media\/305"}],"wp:attachment":[{"href":"https:\/\/ugard.org.tr\/index.php\/wp-json\/wp\/v2\/media?parent=303"}],"wp:term":[{"taxonomy":"category","embeddable":true,"href":"https:\/\/ugard.org.tr\/index.php\/wp-json\/wp\/v2\/categories?post=303"},{"taxonomy":"post_tag","embeddable":true,"href":"https:\/\/ugard.org.tr\/index.php\/wp-json\/wp\/v2\/tags?post=303"}],"curies":[{"name":"wp","href":"https:\/\/api.w.org\/{rel}","templated":true}]}}