{"id":313,"date":"2022-10-02T14:03:00","date_gmt":"2022-10-02T14:03:00","guid":{"rendered":"https:\/\/ugard.org\/?p=313"},"modified":"2022-11-15T14:10:38","modified_gmt":"2022-11-15T14:10:38","slug":"sivil-sesler-festivalinde-stant-actik","status":"publish","type":"post","link":"https:\/\/ugard.org.tr\/index.php\/2022\/10\/02\/sivil-sesler-festivalinde-stant-actik\/","title":{"rendered":"Sivil Sesler Festivali&#8217;nde Stant A\u00e7t\u0131k!"},"content":{"rendered":"\n<p>Uluslararas\u0131 Gen\u00e7 Aray\u0131\u015f Derne\u011fi olarak; Sivil Toplum Geli\u015ftirme Merkezi Derne\u011fi taraf\u0131ndan bu y\u0131l be\u015fincisi d\u00fczenlenen Sivil Sesler festivalinde yer ald\u0131k. 30 Eyl\u00fcl-1 Ekim tarih aral\u0131\u011f\u0131nda TED \u00fcniversitesinin ev sahipli\u011fini \u00fcstlendi\u011fi 5. Sivil Sesler Festivali&#8217;ne kat\u0131l\u0131m sa\u011flayarak, farkl\u0131 \u015fehirlerden kat\u0131lan ve farkl\u0131 hak alanlar\u0131nda \u00e7al\u0131\u015fan sivil toplum \u00f6rg\u00fctleri ile tan\u0131\u015fma ve kendimizi tan\u0131tma f\u0131rsat\u0131 yakalad\u0131k. Sivil Sesler Festivali&#8217;nin ilk g\u00fcn\u00fcnde \u00fcyelerimiz derne\u011fimizin tan\u0131t\u0131m stand\u0131n\u0131 a\u00e7m\u0131\u015f ve ikinci g\u00fcn\u00fcnde el bro\u015f\u00fcrleri ile birlikte di\u011fer stantlar\u0131 ziyaret etmi\u015ftir. Bu s\u00fcre\u00e7te \u00fcyelerimiz di\u011fer sivil toplum kurulu\u015flar\u0131 ve g\u00f6n\u00fcll\u00fclerle ileti\u015fim kurarak g\u00f6r\u00fcn\u00fcrl\u00fc\u011f\u00fc ve i\u015f birli\u011fini art\u0131rmaya y\u00f6nelik faaliyetler d\u00fczenlemi\u015ftir.<\/p>\n\n\n\n<figure class=\"wp-block-gallery has-nested-images columns-default is-cropped wp-block-gallery-1 is-layout-flex wp-block-gallery-is-layout-flex\">\n<figure class=\"wp-block-image size-large\"><img loading=\"lazy\" decoding=\"async\" width=\"768\" height=\"1024\" data-id=\"315\" src=\"https:\/\/ugard.org\/wp-content\/uploads\/2022\/11\/IMG-6433-768x1024.jpg\" alt=\"\" class=\"wp-image-315\" srcset=\"https:\/\/ugard.org.tr\/wp-content\/uploads\/2022\/11\/IMG-6433-768x1024.jpg 768w, https:\/\/ugard.org.tr\/wp-content\/uploads\/2022\/11\/IMG-6433-225x300.jpg 225w, https:\/\/ugard.org.tr\/wp-content\/uploads\/2022\/11\/IMG-6433-1152x1536.jpg 1152w, https:\/\/ugard.org.tr\/wp-content\/uploads\/2022\/11\/IMG-6433-1536x2048.jpg 1536w, https:\/\/ugard.org.tr\/wp-content\/uploads\/2022\/11\/IMG-6433-scaled.jpg 1920w\" sizes=\"auto, (max-width: 768px) 100vw, 768px\" \/><\/figure>\n\n\n\n<figure class=\"wp-block-image size-large\"><img loading=\"lazy\" decoding=\"async\" width=\"767\" height=\"1024\" data-id=\"317\" src=\"https:\/\/ugard.org\/wp-content\/uploads\/2022\/11\/IMG-6519-767x1024.jpg\" alt=\"\" class=\"wp-image-317\" srcset=\"https:\/\/ugard.org.tr\/wp-content\/uploads\/2022\/11\/IMG-6519-767x1024.jpg 767w, https:\/\/ugard.org.tr\/wp-content\/uploads\/2022\/11\/IMG-6519-225x300.jpg 225w, https:\/\/ugard.org.tr\/wp-content\/uploads\/2022\/11\/IMG-6519-768x1025.jpg 768w, https:\/\/ugard.org.tr\/wp-content\/uploads\/2022\/11\/IMG-6519-1151x1536.jpg 1151w, https:\/\/ugard.org.tr\/wp-content\/uploads\/2022\/11\/IMG-6519-1535x2048.jpg 1535w, https:\/\/ugard.org.tr\/wp-content\/uploads\/2022\/11\/IMG-6519.jpg 1834w\" sizes=\"auto, (max-width: 767px) 100vw, 767px\" \/><\/figure>\n\n\n\n<figure class=\"wp-block-image size-large\"><img loading=\"lazy\" decoding=\"async\" width=\"768\" height=\"1024\" data-id=\"319\" src=\"https:\/\/ugard.org\/wp-content\/uploads\/2022\/11\/WhatsApp-Gorsel-2022-11-15-saat-17.06.54-768x1024.jpg\" alt=\"Stanttan ve Dernek Rool-up'\u0131 \u00f6n\u00fcnde etkinlikten \u00e7e\u015fitli kareler\" class=\"wp-image-319\" srcset=\"https:\/\/ugard.org.tr\/wp-content\/uploads\/2022\/11\/WhatsApp-Gorsel-2022-11-15-saat-17.06.54-768x1024.jpg 768w, https:\/\/ugard.org.tr\/wp-content\/uploads\/2022\/11\/WhatsApp-Gorsel-2022-11-15-saat-17.06.54-225x300.jpg 225w, https:\/\/ugard.org.tr\/wp-content\/uploads\/2022\/11\/WhatsApp-Gorsel-2022-11-15-saat-17.06.54-1152x1536.jpg 1152w, https:\/\/ugard.org.tr\/wp-content\/uploads\/2022\/11\/WhatsApp-Gorsel-2022-11-15-saat-17.06.54.jpg 1200w\" sizes=\"auto, (max-width: 768px) 100vw, 768px\" \/><\/figure>\n\n\n\n<figure class=\"wp-block-image size-large\"><img loading=\"lazy\" decoding=\"async\" width=\"768\" height=\"1024\" data-id=\"318\" src=\"https:\/\/ugard.org\/wp-content\/uploads\/2022\/11\/WhatsApp-Gorsel-2022-11-15-saat-17.06.56-768x1024.jpg\" alt=\"\" class=\"wp-image-318\" srcset=\"https:\/\/ugard.org.tr\/wp-content\/uploads\/2022\/11\/WhatsApp-Gorsel-2022-11-15-saat-17.06.56-768x1024.jpg 768w, https:\/\/ugard.org.tr\/wp-content\/uploads\/2022\/11\/WhatsApp-Gorsel-2022-11-15-saat-17.06.56-225x300.jpg 225w, https:\/\/ugard.org.tr\/wp-content\/uploads\/2022\/11\/WhatsApp-Gorsel-2022-11-15-saat-17.06.56-1152x1536.jpg 1152w, https:\/\/ugard.org.tr\/wp-content\/uploads\/2022\/11\/WhatsApp-Gorsel-2022-11-15-saat-17.06.56.jpg 1200w\" sizes=\"auto, (max-width: 768px) 100vw, 768px\" \/><\/figure>\n<\/figure>\n","protected":false},"excerpt":{"rendered":"<p>30 Eyl\u00fcl-1 Ekim tarih aral\u0131\u011f\u0131nda TED \u00fcniversitesinin ev sahipli\u011fini \u00fcstlendi\u011fi 5. Sivil Sesler Festivali&#8217;ne kat\u0131l\u0131m sa\u011flayarak, farkl\u0131 \u015fehirlerden kat\u0131lan ve farkl\u0131 hak alanlar\u0131nda \u00e7al\u0131\u015fan sivil toplum \u00f6rg\u00fctleri ile tan\u0131\u015fma ve kendimizi tan\u0131tma f\u0131rsat\u0131 yakalad\u0131k.<\/p>\n","protected":false},"author":1,"featured_media":318,"comment_status":"open","ping_status":"open","sticky":false,"template":"","format":"standard","meta":{"footnotes":""},"categories":[9],"tags":[7,46,42,12],"class_list":["post-313","post","type-post","status-publish","format-standard","has-post-thumbnail","hentry","category-haberler","tag-genclik","tag-sivil-sesler-festivali","tag-sivil-toplum","tag-sto"],"_links":{"self":[{"href":"https:\/\/ugard.org.tr\/index.php\/wp-json\/wp\/v2\/posts\/313","targetHints":{"allow":["GET"]}}],"collection":[{"href":"https:\/\/ugard.org.tr\/index.php\/wp-json\/wp\/v2\/posts"}],"about":[{"href":"https:\/\/ugard.org.tr\/index.php\/wp-json\/wp\/v2\/types\/post"}],"author":[{"embeddable":true,"href":"https:\/\/ugard.org.tr\/index.php\/wp-json\/wp\/v2\/users\/1"}],"replies":[{"embeddable":true,"href":"https:\/\/ugard.org.tr\/index.php\/wp-json\/wp\/v2\/comments?post=313"}],"version-history":[{"count":0,"href":"https:\/\/ugard.org.tr\/index.php\/wp-json\/wp\/v2\/posts\/313\/revisions"}],"wp:featuredmedia":[{"embeddable":true,"href":"https:\/\/ugard.org.tr\/index.php\/wp-json\/wp\/v2\/media\/318"}],"wp:attachment":[{"href":"https:\/\/ugard.org.tr\/index.php\/wp-json\/wp\/v2\/media?parent=313"}],"wp:term":[{"taxonomy":"category","embeddable":true,"href":"https:\/\/ugard.org.tr\/index.php\/wp-json\/wp\/v2\/categories?post=313"},{"taxonomy":"post_tag","embeddable":true,"href":"https:\/\/ugard.org.tr\/index.php\/wp-json\/wp\/v2\/tags?post=313"}],"curies":[{"name":"wp","href":"https:\/\/api.w.org\/{rel}","templated":true}]}}