{"id":342,"date":"2022-11-16T06:46:00","date_gmt":"2022-11-16T06:46:00","guid":{"rendered":"https:\/\/ugard.org\/?p=342"},"modified":"2022-12-14T07:26:12","modified_gmt":"2022-12-14T07:26:12","slug":"soz-gencligin-yuzlerinde","status":"publish","type":"post","link":"https:\/\/ugard.org.tr\/index.php\/2022\/11\/16\/soz-gencligin-yuzlerinde\/","title":{"rendered":"S\u00f6z Gen\u00e7li\u011fin Y\u00fcz&#8217;lerinde"},"content":{"rendered":"\n<p><strong>Daktilo1984, Medya Ara\u015ft\u0131rmalar\u0131 Derne\u011fi, National Democratic Institute ve Sosyal \u0130klim Derne\u011fi, gen\u00e7 se\u00e7menlerin demokratik taleplerini g\u00f6r\u00fcn\u00fcr k\u0131lmak ve gen\u00e7lerin demokratik s\u00fcre\u00e7lere kat\u0131l\u0131m\u0131n\u0131 g\u00fc\u00e7lendirmek i\u00e7in \u201cGen\u00e7li\u011fin 100\u2019leri\u201d program\u0131n<\/strong>\u0131 ba\u015flatt\u0131.<\/p>\n\n\n\n<p>Bu programdaki en b\u00fcy\u00fck hedef bu \u00fclkeyi y\u00f6netecek ve \u00fclkemizi ayd\u0131nl\u0131k bir gelece\u011fe ta\u015f\u0131yacak gen\u00e7leri bir araya getirmek, onlar\u0131n fikirlerini \u015fimdiden T\u00fcrkiye\u2019ye duyurmak.<\/p>\n\n\n\n<p>Gen\u00e7lere ve onlar\u0131n fikirlerine yeterince yer vermeyen geleneksel siyasal yap\u0131y\u0131 a\u015farak, gen\u00e7li\u011fin sesini duyurman\u0131n en iyi yolunun, gen\u00e7ler taraf\u0131ndan ba\u015flat\u0131lan ve y\u00fcr\u00fct\u00fclen bir kamusal tart\u0131\u015fma ortam\u0131 oldu\u011funa inan\u0131larak15 Kas\u0131m&#8217;da Samsun&#8217;da ger\u00e7ekle\u015fen &#8220;Gen\u00e7li\u011fin Y\u00fcz&#8217;leri&#8221; toplant\u0131s\u0131nda gen\u00e7lerin siyasete ve politikaya aktif kat\u0131l\u0131m\u0131, gen\u00e7lerin kendi yerellerindeki problemlerinin konu\u015fuldu\u011fu konular i\u015flendi. Bu kapsamda 100 gencin siyasal hayata kat\u0131l\u0131m\u0131 ve siyaset\u00e7ilerden beklentileri \u00e7er\u00e7evesinde fikirlerinin ele al\u0131nd\u0131\u011f\u0131 bulu\u015fmaya UGARD da kat\u0131l\u0131m sa\u011flad\u0131.<\/p>\n","protected":false},"excerpt":{"rendered":"<p>15 Kas\u0131m&#8217;da Samsun&#8217;da ger\u00e7ekle\u015fen ve gen\u00e7lerin, siyasete ve politikaya aktif kat\u0131l\u0131m\u0131, kendi yerellerindeki problemlerinin ve \u00e7\u00f6z\u00fcm \u00f6nerilerinin konu\u015fuldu\u011fu &#8220;Gen\u00e7li\u011fin Y\u00fcz&#8217;leri&#8221; toplant\u0131s\u0131nda UGARD \u00fcyeleri de yer ald\u0131.<\/p>\n","protected":false},"author":1,"featured_media":0,"comment_status":"closed","ping_status":"open","sticky":false,"template":"","format":"standard","meta":{"footnotes":""},"categories":[9],"tags":[50,7,48,42,49],"class_list":["post-342","post","type-post","status-publish","format-standard","hentry","category-haberler","tag-gencligin-100leri","tag-genclik","tag-politikaya-katilim","tag-sivil-toplum","tag-siyaset"],"_links":{"self":[{"href":"https:\/\/ugard.org.tr\/index.php\/wp-json\/wp\/v2\/posts\/342","targetHints":{"allow":["GET"]}}],"collection":[{"href":"https:\/\/ugard.org.tr\/index.php\/wp-json\/wp\/v2\/posts"}],"about":[{"href":"https:\/\/ugard.org.tr\/index.php\/wp-json\/wp\/v2\/types\/post"}],"author":[{"embeddable":true,"href":"https:\/\/ugard.org.tr\/index.php\/wp-json\/wp\/v2\/users\/1"}],"replies":[{"embeddable":true,"href":"https:\/\/ugard.org.tr\/index.php\/wp-json\/wp\/v2\/comments?post=342"}],"version-history":[{"count":0,"href":"https:\/\/ugard.org.tr\/index.php\/wp-json\/wp\/v2\/posts\/342\/revisions"}],"wp:attachment":[{"href":"https:\/\/ugard.org.tr\/index.php\/wp-json\/wp\/v2\/media?parent=342"}],"wp:term":[{"taxonomy":"category","embeddable":true,"href":"https:\/\/ugard.org.tr\/index.php\/wp-json\/wp\/v2\/categories?post=342"},{"taxonomy":"post_tag","embeddable":true,"href":"https:\/\/ugard.org.tr\/index.php\/wp-json\/wp\/v2\/tags?post=342"}],"curies":[{"name":"wp","href":"https:\/\/api.w.org\/{rel}","templated":true}]}}