{"id":372,"date":"2022-12-27T11:18:18","date_gmt":"2022-12-27T11:18:18","guid":{"rendered":"https:\/\/ugard.org\/?p=372"},"modified":"2022-12-27T11:18:20","modified_gmt":"2022-12-27T11:18:20","slug":"atakum-belediyesi-ziyareti","status":"publish","type":"post","link":"https:\/\/ugard.org.tr\/index.php\/2022\/12\/27\/atakum-belediyesi-ziyareti\/","title":{"rendered":"Atakum Belediyesi Ziyareti"},"content":{"rendered":"\n<p>UGARD \u00fcye ve g\u00f6n\u00fcll\u00fcleri Atakum Belediyesini ziyaret etti. Atakum Belediyesi Ba\u015fkan Yrd. Dr. Yusuf Yaln\u0131z ile yap\u0131lan g\u00f6r\u00fc\u015fmede \u00f6ncelikle derne\u011fin tan\u0131t\u0131m\u0131 yap\u0131larak \u00e7al\u0131\u015fmalar\u0131 hakk\u0131nda bilgi verildi. <\/p>\n\n\n\n<p>UGARD\u2019\u0131n toplumda dezavantajl\u0131 guruplar i\u00e7in \u00e7al\u0131\u015fmalar y\u00fcr\u00fctt\u00fc\u011f\u00fc ve bu konuda gen\u00e7lerin inisiyatif almas\u0131n\u0131 hedefledi\u011fi ifade edildi. Samsun d\u0131\u015f\u0131nda da UGARD&#8217;\u0131n \u00fcye ve g\u00f6n\u00fcll\u00fclerinin oldu\u011fu belirtilen g\u00f6r\u00fc\u015fmede gen\u00e7lerin art\u0131k her alanda s\u00f6z sahibi olmas\u0131n\u0131n zaman\u0131n\u0131n geldi\u011finden de bahsedildi.<\/p>\n\n\n\n<p>Ba\u015fkan Yrd. Dr. Yusuf Yaln\u0131z da Atakum Belediyesi olarak gen\u00e7lerin her anlamda yan\u0131nda olduklar\u0131n\u0131, sivil toplum kurulu\u015flar\u0131n\u0131 da \u00f6nemsediklerini belirti. Birlikte imkanlar \u00f6l\u00e7\u00fcs\u00fcnde her t\u00fcrl\u00fc i\u015f birli\u011fine a\u00e7\u0131k olduklar\u0131n\u0131 s\u00f6yledi.<br>G\u00f6r\u00fc\u015fmede yer alan \u00fcye ve g\u00f6n\u00fcllerin beklentilerinin al\u0131nmas\u0131yla g\u00f6r\u00fc\u015fme\u00a0sona\u00a0erdi.<\/p>\n","protected":false},"excerpt":{"rendered":"<p>UGARD \u00fcye ve g\u00f6n\u00fcll\u00fcleri Atakum Belediyesini ziyaret etti. Ba\u015fkan Yrd. Dr. Yusuf Yaln\u0131z, Atakum Belediyesi olarak gen\u00e7lerin her anlamda yan\u0131nda olduklar\u0131n\u0131 ifade etti.<\/p>\n","protected":false},"author":1,"featured_media":375,"comment_status":"closed","ping_status":"open","sticky":false,"template":"","format":"standard","meta":{"footnotes":""},"categories":[9],"tags":[7,23,42],"class_list":["post-372","post","type-post","status-publish","format-standard","has-post-thumbnail","hentry","category-haberler","tag-genclik","tag-gonulluluk","tag-sivil-toplum"],"_links":{"self":[{"href":"https:\/\/ugard.org.tr\/index.php\/wp-json\/wp\/v2\/posts\/372","targetHints":{"allow":["GET"]}}],"collection":[{"href":"https:\/\/ugard.org.tr\/index.php\/wp-json\/wp\/v2\/posts"}],"about":[{"href":"https:\/\/ugard.org.tr\/index.php\/wp-json\/wp\/v2\/types\/post"}],"author":[{"embeddable":true,"href":"https:\/\/ugard.org.tr\/index.php\/wp-json\/wp\/v2\/users\/1"}],"replies":[{"embeddable":true,"href":"https:\/\/ugard.org.tr\/index.php\/wp-json\/wp\/v2\/comments?post=372"}],"version-history":[{"count":0,"href":"https:\/\/ugard.org.tr\/index.php\/wp-json\/wp\/v2\/posts\/372\/revisions"}],"wp:featuredmedia":[{"embeddable":true,"href":"https:\/\/ugard.org.tr\/index.php\/wp-json\/wp\/v2\/media\/375"}],"wp:attachment":[{"href":"https:\/\/ugard.org.tr\/index.php\/wp-json\/wp\/v2\/media?parent=372"}],"wp:term":[{"taxonomy":"category","embeddable":true,"href":"https:\/\/ugard.org.tr\/index.php\/wp-json\/wp\/v2\/categories?post=372"},{"taxonomy":"post_tag","embeddable":true,"href":"https:\/\/ugard.org.tr\/index.php\/wp-json\/wp\/v2\/tags?post=372"}],"curies":[{"name":"wp","href":"https:\/\/api.w.org\/{rel}","templated":true}]}}