{"id":407,"date":"2023-02-15T08:12:00","date_gmt":"2023-02-15T08:12:00","guid":{"rendered":"https:\/\/ugard.org\/?p=407"},"modified":"2023-03-20T08:59:44","modified_gmt":"2023-03-20T08:59:44","slug":"all-for-one-one-for-all","status":"publish","type":"post","link":"https:\/\/ugard.org.tr\/index.php\/2023\/02\/15\/all-for-one-one-for-all\/","title":{"rendered":"All For One, One For All"},"content":{"rendered":"\n<p>Uluslararas\u0131 Gen\u00e7 Aray\u0131\u015f Derne\u011fi&#8217;nin orta\u011f\u0131 oldu\u011fu ve East West East Derne\u011fi\u2019nin ba\u015fvuru sahibi kurulu\u015f oldu\u011fu \u2018All For One, One For All\u2019 adl\u0131 erasmus+ gen\u00e7lik de\u011fi\u015fimi projesi Almanya Ulusal Ajans\u0131 taraf\u0131ndan kabul edildi. Proje, Samsun\u2019da a\u011fustos ay\u0131nda ger\u00e7ekle\u015ftirilecek olup bir hafta s\u00fcrecektir. Projede; T\u00fcrkiye, Almanya, \u0130spanya, Romanya ve Yunanistan olmak \u00fczere 5 \u00fclke yer alacakt\u0131r.<\/p>\n\n\n\n<p><br>Projede; gen\u00e7lerin kendi deneyimlerini insan haklar\u0131yla ili\u015fkilendirmelerini sa\u011flama, insan haklar\u0131 ile ilgili kavramlar\u0131 tart\u0131\u015fma, \u0130nsan Haklar\u0131 Evrensel Beyannamesi&#8217;nin \u00f6nemini kavrama, gen\u00e7lik alan\u0131nda hak temelli yakla\u015f\u0131mla \u00e7al\u0131\u015fma, farkl\u0131 \u00fclkelerdeki insan haklar\u0131 anlay\u0131\u015f\u0131n\u0131n gen\u00e7ler taraf\u0131ndan gen\u00e7lere anlat\u0131lmas\u0131, insan haklar\u0131 ve gen\u00e7lik \u00e7al\u0131\u015fmas\u0131 aras\u0131ndaki ili\u015fkinin \u00f6nemini anlama, insan haklar\u0131n\u0131n hukuki boyutu hakk\u0131nda temel bilgileri bilme ve gen\u00e7lerin farkl\u0131 k\u00fclt\u00fcrlerden gen\u00e7lerle bir araya gelmesini sa\u011flamak&nbsp;hedeflendi.<\/p>\n","protected":false},"excerpt":{"rendered":"<p>Uluslararas\u0131 Gen\u00e7 Aray\u0131\u015f Derne\u011fi&#8217;nin orta\u011f\u0131 oldu\u011fu ve East West East Derne\u011fi\u2019nin ba\u015fvuru sahibi kurulu\u015f oldu\u011fu \u2018All For One, One For All\u2019 adl\u0131 erasmus+ gen\u00e7lik de\u011fi\u015fimi projesi Almanya Ulusal Ajans\u0131 taraf\u0131ndan kabul edildi. <\/p>\n","protected":false},"author":1,"featured_media":410,"comment_status":"closed","ping_status":"open","sticky":false,"template":"","format":"standard","meta":{"footnotes":""},"categories":[9],"tags":[31,7,57,42],"class_list":["post-407","post","type-post","status-publish","format-standard","has-post-thumbnail","hentry","category-haberler","tag-erasmus","tag-genclik","tag-proje","tag-sivil-toplum"],"_links":{"self":[{"href":"https:\/\/ugard.org.tr\/index.php\/wp-json\/wp\/v2\/posts\/407","targetHints":{"allow":["GET"]}}],"collection":[{"href":"https:\/\/ugard.org.tr\/index.php\/wp-json\/wp\/v2\/posts"}],"about":[{"href":"https:\/\/ugard.org.tr\/index.php\/wp-json\/wp\/v2\/types\/post"}],"author":[{"embeddable":true,"href":"https:\/\/ugard.org.tr\/index.php\/wp-json\/wp\/v2\/users\/1"}],"replies":[{"embeddable":true,"href":"https:\/\/ugard.org.tr\/index.php\/wp-json\/wp\/v2\/comments?post=407"}],"version-history":[{"count":0,"href":"https:\/\/ugard.org.tr\/index.php\/wp-json\/wp\/v2\/posts\/407\/revisions"}],"wp:featuredmedia":[{"embeddable":true,"href":"https:\/\/ugard.org.tr\/index.php\/wp-json\/wp\/v2\/media\/410"}],"wp:attachment":[{"href":"https:\/\/ugard.org.tr\/index.php\/wp-json\/wp\/v2\/media?parent=407"}],"wp:term":[{"taxonomy":"category","embeddable":true,"href":"https:\/\/ugard.org.tr\/index.php\/wp-json\/wp\/v2\/categories?post=407"},{"taxonomy":"post_tag","embeddable":true,"href":"https:\/\/ugard.org.tr\/index.php\/wp-json\/wp\/v2\/tags?post=407"}],"curies":[{"name":"wp","href":"https:\/\/api.w.org\/{rel}","templated":true}]}}