{"id":412,"date":"2023-02-01T08:43:00","date_gmt":"2023-02-01T08:43:00","guid":{"rendered":"https:\/\/ugard.org\/?p=412"},"modified":"2023-03-20T08:59:23","modified_gmt":"2023-03-20T08:59:23","slug":"sosyal-beceri-atolyesi-europass-formatli-oz-gecmis-cv-hazirlama-teknikleri","status":"publish","type":"post","link":"https:\/\/ugard.org.tr\/index.php\/2023\/02\/01\/sosyal-beceri-atolyesi-europass-formatli-oz-gecmis-cv-hazirlama-teknikleri\/","title":{"rendered":"Sosyal Beceri At\u00f6lyesi: Europass Formatl\u0131 \u00d6z Ge\u00e7mi\u015f (CV) Haz\u0131rlama Teknikleri"},"content":{"rendered":"\n<p>Uluslararas\u0131 Gen\u00e7 Aray\u0131\u015f Derne\u011fi b\u00fcnyesinde 31 Ocak 2023 tarihinde Sosyal Beceri At\u00f6lyesi kapsam\u0131nda Ba\u015fkent Do\u011falgaz K\u0131demli \u0130nsan Kaynaklar\u0131 Uzman\u0131 Ezgi Ert\u00fcrk ile \u201cEuropass Formatl\u0131 \u00d6z Ge\u00e7mi\u015f (CV) Haz\u0131rlama Teknikleri\u201d ba\u015fl\u0131kl\u0131 online e\u011fitim ger\u00e7ekle\u015ftirildi. <\/p>\n\n\n\n<p>UGARD \u00fcye ve g\u00f6n\u00fcll\u00fcleri ba\u015fta olmak \u00fczere t\u00fcm gen\u00e7lerin \u00e7e\u015fitli bilgi ve beceriler kazanmas\u0131n\u0131 hedefleyen &#8220;Sosyal Beceri At\u00f6lyesi&#8221; bu kez Erasmus olanaklar\u0131na veya mezuniyet sonras\u0131 i\u015f ilanlar\u0131na ba\u015fvuru s\u00fcrecinde talep edilen en temel dosyalardan biri olan \u00f6zge\u00e7mi\u015fi konu ald\u0131.  At\u00f6lyede, &#8220;Europass nedir, Europass format\u0131nda CV nas\u0131l haz\u0131rlan\u0131r, rakiplerimiz aras\u0131ndan \u00f6ne \u00e7\u0131kmak i\u00e7in \u00f6z ge\u00e7mi\u015fimizde hangi detaylara dikkat etmeliyiz?&#8221; gibi konular\u0131n \u00fczerinde duruldu ve ba\u015fta g\u00f6n\u00fcll\u00fclerimiz olmak \u00fczere t\u00fcm kat\u0131l\u0131mc\u0131lar\u0131n aktif kat\u0131l\u0131m\u0131yla e\u011fitim ger\u00e7ekle\u015ftirildi.<\/p>\n","protected":false},"excerpt":{"rendered":"<p>Uluslararas\u0131 Gen\u00e7 Aray\u0131\u015f Derne\u011fi b\u00fcnyesinde 31 Ocak 2023 tarihinde Sosyal Beceri At\u00f6lyesi kapsam\u0131nda Ba\u015fkent Do\u011falgaz K\u0131demli \u0130nsan Kaynaklar\u0131 Uzman\u0131 Ezgi Ert\u00fcrk ile \u201cEuropass Formatl\u0131 \u00d6z Ge\u00e7mi\u015f (CV) Haz\u0131rlama Teknikleri\u201d ba\u015fl\u0131kl\u0131 online e\u011fitim ger\u00e7ekle\u015ftirildi. <\/p>\n","protected":false},"author":1,"featured_media":415,"comment_status":"closed","ping_status":"open","sticky":false,"template":"","format":"standard","meta":{"footnotes":""},"categories":[9],"tags":[59,58,7,18,60,55],"class_list":["post-412","post","type-post","status-publish","format-standard","has-post-thumbnail","hentry","category-haberler","tag-cv","tag-europass","tag-genclik","tag-gonullu","tag-ozgecmis","tag-sosyal-beceri"],"_links":{"self":[{"href":"https:\/\/ugard.org.tr\/index.php\/wp-json\/wp\/v2\/posts\/412","targetHints":{"allow":["GET"]}}],"collection":[{"href":"https:\/\/ugard.org.tr\/index.php\/wp-json\/wp\/v2\/posts"}],"about":[{"href":"https:\/\/ugard.org.tr\/index.php\/wp-json\/wp\/v2\/types\/post"}],"author":[{"embeddable":true,"href":"https:\/\/ugard.org.tr\/index.php\/wp-json\/wp\/v2\/users\/1"}],"replies":[{"embeddable":true,"href":"https:\/\/ugard.org.tr\/index.php\/wp-json\/wp\/v2\/comments?post=412"}],"version-history":[{"count":0,"href":"https:\/\/ugard.org.tr\/index.php\/wp-json\/wp\/v2\/posts\/412\/revisions"}],"wp:featuredmedia":[{"embeddable":true,"href":"https:\/\/ugard.org.tr\/index.php\/wp-json\/wp\/v2\/media\/415"}],"wp:attachment":[{"href":"https:\/\/ugard.org.tr\/index.php\/wp-json\/wp\/v2\/media?parent=412"}],"wp:term":[{"taxonomy":"category","embeddable":true,"href":"https:\/\/ugard.org.tr\/index.php\/wp-json\/wp\/v2\/categories?post=412"},{"taxonomy":"post_tag","embeddable":true,"href":"https:\/\/ugard.org.tr\/index.php\/wp-json\/wp\/v2\/tags?post=412"}],"curies":[{"name":"wp","href":"https:\/\/api.w.org\/{rel}","templated":true}]}}