{"id":529,"date":"2023-08-29T13:13:00","date_gmt":"2023-08-29T13:13:00","guid":{"rendered":"https:\/\/ugard.org\/?p=529"},"modified":"2023-09-27T13:23:42","modified_gmt":"2023-09-27T13:23:42","slug":"all-for-one-one-for-all-evsahipligimizde-gerceklestirildi","status":"publish","type":"post","link":"https:\/\/ugard.org.tr\/index.php\/2023\/08\/29\/all-for-one-one-for-all-evsahipligimizde-gerceklestirildi\/","title":{"rendered":"\u201cAll For One, One For All\u201d Evsahipli\u011fimizde Ger\u00e7ekle\u015ftirildi!"},"content":{"rendered":"\n<p>20-27 A\u011fustos tarihleri aras\u0131nda Erasmus+ Gen\u00e7lik De\u011fi\u015fim Program\u0131 kapsam\u0131nda Samsun\u2019da ger\u00e7ekle\u015ftirilen \u201cAll For One, One For All\u201d projesine host \u00fclke olarak kat\u0131ld\u0131k. T\u00fcrkiye, Almanya, Romanya, Yunanistan ve \u0130spanya\u2019dan gelen kat\u0131l\u0131mc\u0131lar ile birlikte \u201c\u0130nsan Haklar\u0131 ve Savunuculuk\u201d konusunda k\u00fclt\u00fcrel etkile\u015fim ve tak\u0131m \u00e7al\u0131\u015fmas\u0131n\u0131n \u00f6n planda oldu\u011fu workshoplar yap\u0131ld\u0131. Kat\u0131l\u0131mc\u0131lar\u0131n kendi \u00fclkelerindeki insan haklar\u0131n\u0131 de\u011ferlendirip di\u011fer \u00fclkelerdeki uygulamalarla kar\u015f\u0131la\u015ft\u0131rd\u0131klar\u0131 bu workshoplarda \u201cNeyi, nas\u0131l daha iyi hale getirebiliriz?\u201d sorusu \u00fczerine\u00a0yo\u011funla\u015f\u0131ld\u0131.<\/p>\n\n\n\n<figure class=\"wp-block-gallery has-nested-images columns-default is-cropped wp-block-gallery-1 is-layout-flex wp-block-gallery-is-layout-flex\">\n<figure class=\"wp-block-image size-large\"><img loading=\"lazy\" decoding=\"async\" width=\"1024\" height=\"768\" data-id=\"531\" src=\"https:\/\/ugard.org\/wp-content\/uploads\/2023\/09\/IMG-20230926-WA0006-1024x768.jpg\" alt=\"G\u00fcn sonunda kat\u0131l\u0131mc\u0131lar\u0131n farkl\u0131 \u015fekillerde poz verdi\u011fi toplu foto\u011fraf \u00e7ekimi\" class=\"wp-image-531\" srcset=\"https:\/\/ugard.org.tr\/wp-content\/uploads\/2023\/09\/IMG-20230926-WA0006-1024x768.jpg 1024w, https:\/\/ugard.org.tr\/wp-content\/uploads\/2023\/09\/IMG-20230926-WA0006-300x225.jpg 300w, https:\/\/ugard.org.tr\/wp-content\/uploads\/2023\/09\/IMG-20230926-WA0006-768x576.jpg 768w, https:\/\/ugard.org.tr\/wp-content\/uploads\/2023\/09\/IMG-20230926-WA0006-1536x1152.jpg 1536w, https:\/\/ugard.org.tr\/wp-content\/uploads\/2023\/09\/IMG-20230926-WA0006.jpg 2048w\" sizes=\"auto, (max-width: 1024px) 100vw, 1024px\" \/><\/figure>\n\n\n\n<figure class=\"wp-block-image size-large\"><img loading=\"lazy\" decoding=\"async\" width=\"768\" height=\"1024\" data-id=\"532\" src=\"https:\/\/ugard.org\/wp-content\/uploads\/2023\/09\/IMG-20230926-WA0007-768x1024.jpg\" alt=\"U d\u00fczeninde oturmakta olan kat\u0131l\u0131mc\u0131lar\u0131n yer ald\u0131\u011f\u0131 bir foto\u011fraf karesi\" class=\"wp-image-532\" srcset=\"https:\/\/ugard.org.tr\/wp-content\/uploads\/2023\/09\/IMG-20230926-WA0007-768x1024.jpg 768w, https:\/\/ugard.org.tr\/wp-content\/uploads\/2023\/09\/IMG-20230926-WA0007-225x300.jpg 225w, https:\/\/ugard.org.tr\/wp-content\/uploads\/2023\/09\/IMG-20230926-WA0007-1152x1536.jpg 1152w, https:\/\/ugard.org.tr\/wp-content\/uploads\/2023\/09\/IMG-20230926-WA0007.jpg 1536w\" sizes=\"auto, (max-width: 768px) 100vw, 768px\" \/><\/figure>\n\n\n\n<figure class=\"wp-block-image size-large\"><img loading=\"lazy\" decoding=\"async\" width=\"768\" height=\"1024\" data-id=\"533\" src=\"https:\/\/ugard.org\/wp-content\/uploads\/2023\/09\/IMG-20230926-WA0008-768x1024.jpg\" alt=\"Birka\u00e7 kat\u0131l\u0131mc\u0131 havuz ba\u015f\u0131nda poz verirken \u00e7ekilmi\u015f bir kare\" class=\"wp-image-533\" srcset=\"https:\/\/ugard.org.tr\/wp-content\/uploads\/2023\/09\/IMG-20230926-WA0008-768x1024.jpg 768w, https:\/\/ugard.org.tr\/wp-content\/uploads\/2023\/09\/IMG-20230926-WA0008-225x300.jpg 225w, https:\/\/ugard.org.tr\/wp-content\/uploads\/2023\/09\/IMG-20230926-WA0008-1152x1536.jpg 1152w, https:\/\/ugard.org.tr\/wp-content\/uploads\/2023\/09\/IMG-20230926-WA0008.jpg 1200w\" sizes=\"auto, (max-width: 768px) 100vw, 768px\" \/><\/figure>\n<\/figure>\n","protected":false},"excerpt":{"rendered":"<p>Kat\u0131l\u0131mc\u0131lar\u0131n kendi \u00fclkelerindeki insan haklar\u0131n\u0131 de\u011ferlendirip di\u011fer \u00fclkelerdeki uygulamalarla kar\u015f\u0131la\u015ft\u0131rd\u0131klar\u0131 bu workshoplarda \u201cNeyi, nas\u0131l daha iyi hale getirebiliriz?\u201d sorusu \u00fczerine\u00a0yo\u011funla\u015f\u0131ld\u0131.<\/p>\n","protected":false},"author":1,"featured_media":530,"comment_status":"closed","ping_status":"open","sticky":false,"template":"","format":"standard","meta":{"footnotes":""},"categories":[9],"tags":[31,7,23],"class_list":["post-529","post","type-post","status-publish","format-standard","has-post-thumbnail","hentry","category-haberler","tag-erasmus","tag-genclik","tag-gonulluluk"],"_links":{"self":[{"href":"https:\/\/ugard.org.tr\/index.php\/wp-json\/wp\/v2\/posts\/529","targetHints":{"allow":["GET"]}}],"collection":[{"href":"https:\/\/ugard.org.tr\/index.php\/wp-json\/wp\/v2\/posts"}],"about":[{"href":"https:\/\/ugard.org.tr\/index.php\/wp-json\/wp\/v2\/types\/post"}],"author":[{"embeddable":true,"href":"https:\/\/ugard.org.tr\/index.php\/wp-json\/wp\/v2\/users\/1"}],"replies":[{"embeddable":true,"href":"https:\/\/ugard.org.tr\/index.php\/wp-json\/wp\/v2\/comments?post=529"}],"version-history":[{"count":0,"href":"https:\/\/ugard.org.tr\/index.php\/wp-json\/wp\/v2\/posts\/529\/revisions"}],"wp:featuredmedia":[{"embeddable":true,"href":"https:\/\/ugard.org.tr\/index.php\/wp-json\/wp\/v2\/media\/530"}],"wp:attachment":[{"href":"https:\/\/ugard.org.tr\/index.php\/wp-json\/wp\/v2\/media?parent=529"}],"wp:term":[{"taxonomy":"category","embeddable":true,"href":"https:\/\/ugard.org.tr\/index.php\/wp-json\/wp\/v2\/categories?post=529"},{"taxonomy":"post_tag","embeddable":true,"href":"https:\/\/ugard.org.tr\/index.php\/wp-json\/wp\/v2\/tags?post=529"}],"curies":[{"name":"wp","href":"https:\/\/api.w.org\/{rel}","templated":true}]}}