{"id":537,"date":"2023-10-15T14:58:08","date_gmt":"2023-10-15T14:58:08","guid":{"rendered":"https:\/\/ugard.org\/?p=537"},"modified":"2023-11-02T15:15:49","modified_gmt":"2023-11-02T15:15:49","slug":"herkes-plan-sever-tamamlandi","status":"publish","type":"post","link":"https:\/\/ugard.org.tr\/index.php\/2023\/10\/15\/herkes-plan-sever-tamamlandi\/","title":{"rendered":"&#8220;Herkes Plan Sever&#8221; Tamamland\u0131!"},"content":{"rendered":"\n<p>STGM Derne\u011fi taraf\u0131ndan Ankara\u2019da d\u00fczenlenen, STOK Kapasite G\u00fc\u00e7lendirme Program\u0131 kapsam\u0131nda ger\u00e7ekle\u015ftirilen \u201cHerkes Plan Sever\u201d e\u011fitim program\u0131na kat\u0131ld\u0131k.<\/p>\n\n\n\n<p>4 oturum s\u00fcren y\u00fcz y\u00fcze e\u011fitim program\u0131n\u0131n 13-14-15 Eyl\u00fcl&#8217;deki \u00fc\u00e7\u00fcnc\u00fc oturumunda \u201c\u0130zleme ve De\u011ferlendirme\u201d konusu ele al\u0131nd\u0131. E\u011fitimde; izleme ve de\u011ferlendirme kavram\u0131n\u0131n anlam\u0131, izleme ve de\u011ferlendirmenin kriterleri, karar al\u0131c\u0131lar\u0131, sivil toplum \u00f6rg\u00fctleri i\u00e7in faydalar\u0131 ele al\u0131nd\u0131. Roman Haklar\u0131 Derne\u011fi\u2019nden Y\u00fccel Tutal, vaka \u00e7al\u0131\u015fmas\u0131n\u0131n konusu olan romanlar ile ilgili bilgilendirme yapmak i\u00e7in e\u011fitime konuk oldu. Romanlar\u0131n ya\u015fad\u0131\u011f\u0131 sorunlar ile ilgili grup \u00e7al\u0131\u015fmalar\u0131 yap\u0131ld\u0131. Emrah Denizhan e\u011fitime konuk olarak bizlerle izleme ve de\u011ferlendirme deneyimlerini payla\u015ft\u0131. Genel de\u011ferlendirme sonras\u0131nda \u00fc\u00e7\u00fcnc\u00fc oturum tamamland\u0131.<\/p>\n\n\n\n<p>11-12-13 Ekim 2023 tarihleri aras\u0131nda yine Ankara\u2019da d\u00f6rd\u00fcnc\u00fc oturum ger\u00e7ekle\u015ftirildi. Oturumda proje d\u00f6ng\u00fcs\u00fc y\u00f6netimi, kaynak y\u00f6netimi, i\u00e7erik y\u00f6netimi ve zaman y\u00f6netimi konular\u0131 ele al\u0131nd\u0131. \u0130leti\u015fim plan\u0131 ile ilgili grup \u00e7al\u0131\u015fmalar\u0131 yap\u0131ld\u0131. Son e\u011fitim dolay\u0131s\u0131yla mezuniyet t\u00f6reni ger\u00e7ekle\u015ftirildi. Derne\u011fimize ve \u00fcyemize katk\u0131lar\u0131ndan dolay\u0131 e\u011fitim s\u00fcreci i\u00e7erisinde eme\u011fi ge\u00e7en STGM ekibine \u00e7ok te\u015fekk\u00fcrler.<\/p>\n\n\n\n<p>Ugard olarak kurumsal kapasitemizi daha ileri bir seviyeye ta\u015f\u0131mak amac\u0131yla \u00f6rg\u00fctsel kapasitenin merkezinde yer alan konu ve kavramlar\u0131 deneyimleme ve \u00fczerine d\u00fc\u015f\u00fcnme f\u0131rsatlar\u0131n\u0131 de\u011ferlendirmeye&nbsp;devam&nbsp;ediyoruz.<\/p>\n\n\n\n<figure class=\"wp-block-gallery has-nested-images columns-default is-cropped wp-block-gallery-1 is-layout-flex wp-block-gallery-is-layout-flex\">\n<figure class=\"wp-block-image size-large\"><img loading=\"lazy\" decoding=\"async\" width=\"1024\" height=\"768\" data-id=\"540\" src=\"https:\/\/ugard.org\/wp-content\/uploads\/2023\/11\/IMG-20231015-WA0031-1024x768.jpg\" alt=\"Temsilcimiz Ye\u015fim ve birka\u00e7 kat\u0131l\u0131mc\u0131 belgeleriyle poz verirken \u00e7ekilmi\u015f bir kare\" class=\"wp-image-540\" srcset=\"https:\/\/ugard.org.tr\/wp-content\/uploads\/2023\/11\/IMG-20231015-WA0031-1024x768.jpg 1024w, https:\/\/ugard.org.tr\/wp-content\/uploads\/2023\/11\/IMG-20231015-WA0031-300x225.jpg 300w, https:\/\/ugard.org.tr\/wp-content\/uploads\/2023\/11\/IMG-20231015-WA0031-768x576.jpg 768w, https:\/\/ugard.org.tr\/wp-content\/uploads\/2023\/11\/IMG-20231015-WA0031-1536x1152.jpg 1536w, https:\/\/ugard.org.tr\/wp-content\/uploads\/2023\/11\/IMG-20231015-WA0031.jpg 2048w\" sizes=\"auto, (max-width: 1024px) 100vw, 1024px\" \/><\/figure>\n\n\n\n<figure class=\"wp-block-image size-large\"><img loading=\"lazy\" decoding=\"async\" width=\"768\" height=\"1024\" data-id=\"542\" src=\"https:\/\/ugard.org\/wp-content\/uploads\/2023\/11\/IMG-20231015-WA0034-768x1024.jpg\" alt=\"be\u015f kat\u0131l\u0131mc\u0131 y\u00fczleri g\u00f6r\u00fcnmeyecek \u015fekilde belgelerini tutarak poz verirken \u00e7ekilmi\u015f bir kare\" class=\"wp-image-542\" srcset=\"https:\/\/ugard.org.tr\/wp-content\/uploads\/2023\/11\/IMG-20231015-WA0034-768x1024.jpg 768w, https:\/\/ugard.org.tr\/wp-content\/uploads\/2023\/11\/IMG-20231015-WA0034-225x300.jpg 225w, https:\/\/ugard.org.tr\/wp-content\/uploads\/2023\/11\/IMG-20231015-WA0034-1152x1536.jpg 1152w, https:\/\/ugard.org.tr\/wp-content\/uploads\/2023\/11\/IMG-20231015-WA0034.jpg 1536w\" sizes=\"auto, (max-width: 768px) 100vw, 768px\" \/><\/figure>\n\n\n\n<figure class=\"wp-block-image size-large\"><img loading=\"lazy\" decoding=\"async\" width=\"768\" height=\"1024\" data-id=\"539\" src=\"https:\/\/ugard.org\/wp-content\/uploads\/2023\/11\/IMG-20231015-WA0030-768x1024.jpg\" alt=\"Bir e\u011fitmen k\u00fcrs\u00fcde konu\u015fma yaparken \u00e7eilmi\u015f bir kare\" class=\"wp-image-539\" srcset=\"https:\/\/ugard.org.tr\/wp-content\/uploads\/2023\/11\/IMG-20231015-WA0030-768x1024.jpg 768w, https:\/\/ugard.org.tr\/wp-content\/uploads\/2023\/11\/IMG-20231015-WA0030-225x300.jpg 225w, https:\/\/ugard.org.tr\/wp-content\/uploads\/2023\/11\/IMG-20231015-WA0030-1152x1536.jpg 1152w, https:\/\/ugard.org.tr\/wp-content\/uploads\/2023\/11\/IMG-20231015-WA0030.jpg 1536w\" sizes=\"auto, (max-width: 768px) 100vw, 768px\" \/><\/figure>\n\n\n\n<figure class=\"wp-block-image size-large\"><img loading=\"lazy\" decoding=\"async\" width=\"768\" height=\"1024\" data-id=\"541\" src=\"https:\/\/ugard.org\/wp-content\/uploads\/2023\/11\/IMG-20231015-WA0032-768x1024.jpg\" alt=\"E\u011fitmen ve temsilcimiz Ye\u015fim belgesini al\u0131rken \u00e7ekilmi\u015f bir kare\" class=\"wp-image-541\" srcset=\"https:\/\/ugard.org.tr\/wp-content\/uploads\/2023\/11\/IMG-20231015-WA0032-768x1024.jpg 768w, https:\/\/ugard.org.tr\/wp-content\/uploads\/2023\/11\/IMG-20231015-WA0032-225x300.jpg 225w, https:\/\/ugard.org.tr\/wp-content\/uploads\/2023\/11\/IMG-20231015-WA0032-1152x1536.jpg 1152w, https:\/\/ugard.org.tr\/wp-content\/uploads\/2023\/11\/IMG-20231015-WA0032.jpg 1536w\" sizes=\"auto, (max-width: 768px) 100vw, 768px\" \/><\/figure>\n<\/figure>\n","protected":false},"excerpt":{"rendered":"<p>STGM Derne\u011fi taraf\u0131ndan Ankara\u2019da d\u00fczenlenen, STOK Kapasite G\u00fc\u00e7lendirme Program\u0131 kapsam\u0131nda ger\u00e7ekle\u015ftirilen \u201cHerkes Plan Sever\u201d e\u011fitim program\u0131na kat\u0131ld\u0131k.<\/p>\n","protected":false},"author":1,"featured_media":538,"comment_status":"closed","ping_status":"open","sticky":false,"template":"","format":"standard","meta":{"footnotes":""},"categories":[9],"tags":[7,76,42,41,12],"class_list":["post-537","post","type-post","status-publish","format-standard","has-post-thumbnail","hentry","category-haberler","tag-genclik","tag-plan","tag-sivil-toplum","tag-stgm","tag-sto"],"_links":{"self":[{"href":"https:\/\/ugard.org.tr\/index.php\/wp-json\/wp\/v2\/posts\/537","targetHints":{"allow":["GET"]}}],"collection":[{"href":"https:\/\/ugard.org.tr\/index.php\/wp-json\/wp\/v2\/posts"}],"about":[{"href":"https:\/\/ugard.org.tr\/index.php\/wp-json\/wp\/v2\/types\/post"}],"author":[{"embeddable":true,"href":"https:\/\/ugard.org.tr\/index.php\/wp-json\/wp\/v2\/users\/1"}],"replies":[{"embeddable":true,"href":"https:\/\/ugard.org.tr\/index.php\/wp-json\/wp\/v2\/comments?post=537"}],"version-history":[{"count":0,"href":"https:\/\/ugard.org.tr\/index.php\/wp-json\/wp\/v2\/posts\/537\/revisions"}],"wp:featuredmedia":[{"embeddable":true,"href":"https:\/\/ugard.org.tr\/index.php\/wp-json\/wp\/v2\/media\/538"}],"wp:attachment":[{"href":"https:\/\/ugard.org.tr\/index.php\/wp-json\/wp\/v2\/media?parent=537"}],"wp:term":[{"taxonomy":"category","embeddable":true,"href":"https:\/\/ugard.org.tr\/index.php\/wp-json\/wp\/v2\/categories?post=537"},{"taxonomy":"post_tag","embeddable":true,"href":"https:\/\/ugard.org.tr\/index.php\/wp-json\/wp\/v2\/tags?post=537"}],"curies":[{"name":"wp","href":"https:\/\/api.w.org\/{rel}","templated":true}]}}