{"id":555,"date":"2023-12-21T17:30:09","date_gmt":"2023-12-21T17:30:09","guid":{"rendered":"https:\/\/ugard.org\/?p=555"},"modified":"2023-12-21T17:36:01","modified_gmt":"2023-12-21T17:36:01","slug":"kamuoyu-duyurusu","status":"publish","type":"post","link":"https:\/\/ugard.org.tr\/index.php\/2023\/12\/21\/kamuoyu-duyurusu\/","title":{"rendered":"KAMUOYU DUYURUSU"},"content":{"rendered":"\n<p><strong>SAMSUN B\u00dcY\u00dcK\u015eEH\u0130R BELED\u0130YES\u0130 TOPLU TA\u015eIMADA SESL\u0130 ANONS S\u0130STEM\u0130N\u0130N OLMAMASINA Y\u00d6NEL\u0130K SAVUNUCULUK KAMPANYASI<\/strong><\/p>\n\n\n\n<p>Toplu ta\u015f\u0131ma ara\u00e7lar\u0131ndan etkin bir \u015fekilde yararlanamayan g\u00f6rme engelli bireylerin kar\u015f\u0131la\u015ft\u0131\u011f\u0131 acil ihtiya\u00e7tan kaynaklanan bu kampanya, sorunun ele al\u0131nmas\u0131 ve \u00e7\u00f6z\u00fcm \u00f6nerileri sunulmas\u0131 amac\u0131n\u0131 g\u00fctmektedir. Bu giri\u015fim, payda\u015f derneklerin savunuculu\u011funu \u00fcstlendi\u011fi bir\u00a0inisiyatiftir, insan haklar\u0131na uygun \u015fartlarda g\u00fcnl\u00fck ya\u015fam\u0131n her a\u015famas\u0131nda bireylerin e\u015fit ve etkin kat\u0131l\u0131m\u0131n\u0131 sa\u011flama hedefini ta\u015f\u0131maktad\u0131r. Bu \u00e7er\u00e7evede, engellilik alan\u0131ndaki eri\u015filebilirlik \u00e7al\u0131\u015fmalar\u0131na etkin bir katk\u0131 sunulmaktad\u0131r.<\/p>\n\n\n\n<p>\u00c7al\u0131\u015fma kapsam\u0131nda, herhangi bir sivil toplum \u00f6rg\u00fct\u00fcn\u00fcn \u00e7at\u0131 g\u00f6revi \u00fcstlenmemesi, savunuculuk perspektifinden bak\u0131ld\u0131\u011f\u0131nda sivil toplum \u00f6rg\u00fctlerinin yaln\u0131zca payda\u015f ve destek\u00e7i olarak yer ald\u0131\u011f\u0131n\u0131 g\u00f6stermektedir.<\/p>\n\n\n\n<p>Samsun&#8217;da&nbsp;bulunan&nbsp;\u00fcyelerimiz ve g\u00f6n\u00fcll\u00fclerimizden al\u0131nan geri bildirimlere g\u00f6re, Samsun B\u00fcy\u00fck\u015fehir Belediyesi&#8217;nin toplu ta\u015f\u0131ma ara\u00e7lar\u0131nda, \u00f6zellikle otob\u00fcs ve tramvaylarda, sesli anons sisteminin eksik veya i\u015flevsiz olmas\u0131, g\u00f6rme engelli bireylerin topluma etkin kat\u0131l\u0131m\u0131n\u0131 olumsuz y\u00f6nde etkilemektedir.<\/p>\n\n\n\n<p>Bu ba\u011flamda;<\/p>\n\n\n\n<p><strong>Kampanya Hedefleri:<\/strong><\/p>\n\n\n\n<p><strong>1.&nbsp;<\/strong><strong>Temel \u0130nsan Haklar\u0131na Sayg\u0131:<\/strong>&nbsp;G\u00f6rme engellilerin, toplu ta\u015f\u0131ma ara\u00e7lar\u0131n\u0131 kullanma hakk\u0131, temel bir insan hakk\u0131d\u0131r. Sesli anons sistemlerinin eksikli\u011fi veya yetersizli\u011fi, bu haklar\u0131n\u0131n tam anlam\u0131yla kullan\u0131lmas\u0131n\u0131 engellemektedir.&nbsp;Do\u011fru ve anla\u015f\u0131l\u0131r anonslar sayesinde, g\u00f6rme engellilerinin toplu ta\u015f\u0131maya eri\u015fimi artacakt\u0131r.<\/p>\n\n\n\n<p><strong>2.&nbsp;<\/strong><strong>E\u015fitlik \u0130lkesi<\/strong><strong>:<\/strong>&nbsp;E\u015fitlik ilkesi, toplu ta\u015f\u0131ma ara\u00e7lar\u0131na eri\u015fimde herkes i\u00e7in e\u015fit \u015fartlar\u0131n sa\u011flanmas\u0131 anlam\u0131na gelir. G\u00f6rme engellilerin, sesli anonslar arac\u0131l\u0131\u011f\u0131yla g\u00fcvenli ve etkili bir \u015fekilde seyahat edebilmeleri i\u00e7in bu ilkenin hayata ge\u00e7irilmesi gerekmektedir.<\/p>\n\n\n\n<p><strong>3.&nbsp;<\/strong><strong>Engellilerin Toplumsal Kat\u0131l\u0131m\u0131<\/strong><strong>:<\/strong>&nbsp;Sesli anons sistemleri, g\u00f6rme engellilerin toplumsal ya\u015fama daha etkin bir \u015fekilde kat\u0131lmalar\u0131n\u0131 sa\u011flar. Bu&nbsp;i\u015f, e\u011fitim ve di\u011fer sosyal aktivitelerde e\u015fit bir kat\u0131l\u0131m\u0131 destekler.<\/p>\n\n\n\n<p>Yukar\u0131da belirtilen kampanya hedeflerini ger\u00e7ekle\u015ftirmek \u00fczere a\u015fa\u011f\u0131daki savunuculuk ad\u0131mlar\u0131 planlanm\u0131\u015ft\u0131r:<\/p>\n\n\n\n<p>&#8211;&nbsp;Samsun\u2019daki toplu ta\u015f\u0131ma ara\u00e7lar\u0131na ili\u015fkin bilgi&nbsp;edinme ba\u015fvurusu ile izleme&nbsp;\u00e7al\u0131\u015fmas\u0131,<\/p>\n\n\n\n<p>&#8211;&nbsp;Samsun B\u00fcy\u00fck\u015fehir Belediyesine g\u00f6rme engelliler taraf\u0131ndan bireysel dilek\u00e7elerin verilmesi,<\/p>\n\n\n\n<p>&#8211;&nbsp;Samsun B\u00fcy\u00fck\u015fehir Belediyesinden<strong>&nbsp;<\/strong>elde edilen bilgiler do\u011frultusunda ilgili payda\u015f STK&#8217;lar\u0131n idari giri\u015fimlerde bulunmas\u0131,<\/p>\n\n\n\n<p>&#8211;&nbsp;\u00c7\u0131kt\u0131 elde edilemezse kamuoyuna y\u00f6nelik savunuculuk ad\u0131m\u0131n\u0131n planlanmas\u0131.<\/p>\n\n\n\n<p>T\u00fcm g\u00f6rme engelli \u00fcye ve takip\u00e7ilerimizi, konuya hassasiyet duyan\u00a0birey ve STK\u2019lar\u0131\u00a0bu kampanyaya; taslak dilek\u00e7e \u00fczerinden kat\u0131lmaya davet ediyoruz. A\u015fa\u011f\u0131da\u00a0yer alan \u00f6rnek dilek\u00e7e ile kampanyaya destek vermeniz beklenmektedir.<\/p>\n\n\n\n<div class=\"wp-block-file\"><a id=\"wp-block-file--media-1e9976c7-9bdf-4a51-b786-38b984c332b8\" href=\"https:\/\/ugard.org\/wp-content\/uploads\/2023\/12\/Bireysel-Toplu-Tasima-icin-Dilekce.docx\">Bireysel-Toplu-Tasima-icin-Dilekce<\/a><a href=\"https:\/\/ugard.org\/wp-content\/uploads\/2023\/12\/Bireysel-Toplu-Tasima-icin-Dilekce.docx\" class=\"wp-block-file__button wp-element-button\" download aria-describedby=\"wp-block-file--media-1e9976c7-9bdf-4a51-b786-38b984c332b8\">\u0130ndir<\/a><\/div>\n\n\n\n<p>Bu kampanya sonras\u0131nda sesli anons sistemlerinde herhangi bir geli\u015fme olmad\u0131\u011f\u0131 takdirde farkl\u0131\u00a0savunuculuk y\u00f6ntemleri kullan\u0131larak \u00e7al\u0131\u015fma devam ettirilecektir.<\/p>\n\n\n\n<p>Bu kampanyaya&nbsp;dahil&nbsp;olan bireyler ve STK&#8217;lar, ilgili belediye ile \u00e7\u00f6z\u00fcm odakl\u0131 bir i\u015fbirli\u011fine her zaman a\u00e7\u0131k olduklar\u0131n\u0131 kamuoyuna duyurmaktad\u0131r.<\/p>\n\n\n\n<p>Bu kampanyaya destek olan payda\u015flar ve STK\u2019lar:<\/p>\n\n\n\n<p>&#8211;\u00a0Samsun Engelliler Federasyonu (SAMEF)<\/p>\n\n\n\n<p>&#8211;\u00a0E\u011fitimde G\u00f6rme Engelliler Derne\u011fi (EGED)<\/p>\n\n\n\n<p>&#8211;&nbsp;Toplumsal Haklar ve Ara\u015ft\u0131rmalar Derne\u011fi (TOHAD)<\/p>\n\n\n\n<p>&#8211;&nbsp;Uluslararas\u0131 Gen\u00e7 Aray\u0131\u015f Derne\u011fi (UGARD)<\/p>\n","protected":false},"excerpt":{"rendered":"<p>SAMSUN B\u00dcY\u00dcK\u015eEH\u0130R BELED\u0130YES\u0130 TOPLU TA\u015eIMADA SESL\u0130 ANONS S\u0130STEM\u0130N\u0130N OLMAMASINA Y\u00d6NEL\u0130K SAVUNUCULUK KAMPANYASI<\/p>\n","protected":false},"author":1,"featured_media":558,"comment_status":"closed","ping_status":"open","sticky":false,"template":"","format":"standard","meta":{"footnotes":""},"categories":[10],"tags":[81,79,8,80],"class_list":["post-555","post","type-post","status-publish","format-standard","has-post-thumbnail","hentry","category-duyuru","tag-gorme-engelli","tag-hak","tag-savunuculuk","tag-sesli-anons"],"_links":{"self":[{"href":"https:\/\/ugard.org.tr\/index.php\/wp-json\/wp\/v2\/posts\/555","targetHints":{"allow":["GET"]}}],"collection":[{"href":"https:\/\/ugard.org.tr\/index.php\/wp-json\/wp\/v2\/posts"}],"about":[{"href":"https:\/\/ugard.org.tr\/index.php\/wp-json\/wp\/v2\/types\/post"}],"author":[{"embeddable":true,"href":"https:\/\/ugard.org.tr\/index.php\/wp-json\/wp\/v2\/users\/1"}],"replies":[{"embeddable":true,"href":"https:\/\/ugard.org.tr\/index.php\/wp-json\/wp\/v2\/comments?post=555"}],"version-history":[{"count":0,"href":"https:\/\/ugard.org.tr\/index.php\/wp-json\/wp\/v2\/posts\/555\/revisions"}],"wp:featuredmedia":[{"embeddable":true,"href":"https:\/\/ugard.org.tr\/index.php\/wp-json\/wp\/v2\/media\/558"}],"wp:attachment":[{"href":"https:\/\/ugard.org.tr\/index.php\/wp-json\/wp\/v2\/media?parent=555"}],"wp:term":[{"taxonomy":"category","embeddable":true,"href":"https:\/\/ugard.org.tr\/index.php\/wp-json\/wp\/v2\/categories?post=555"},{"taxonomy":"post_tag","embeddable":true,"href":"https:\/\/ugard.org.tr\/index.php\/wp-json\/wp\/v2\/tags?post=555"}],"curies":[{"name":"wp","href":"https:\/\/api.w.org\/{rel}","templated":true}]}}