{"id":562,"date":"2023-12-06T18:34:00","date_gmt":"2023-12-06T18:34:00","guid":{"rendered":"https:\/\/ugard.org\/?p=562"},"modified":"2024-02-14T18:42:31","modified_gmt":"2024-02-14T18:42:31","slug":"canli-yayindaydik","status":"publish","type":"post","link":"https:\/\/ugard.org.tr\/index.php\/2023\/12\/06\/canli-yayindaydik\/","title":{"rendered":"Canl\u0131 Yay\u0131ndayd\u0131k!"},"content":{"rendered":"\n<p>4 Aral\u0131k 2023 g\u00fcn\u00fc saat 20.00&#8217;da Instagram canl\u0131 yay\u0131n \u00fczerinden \u201cEngelli Bireyler Hakk\u0131nda Do\u011fru Bilinen Yanl\u0131\u015flar\u201d konulu canl\u0131 yay\u0131n etkinli\u011fi Recep G\u00fcr ve Ay\u015fe Beg\u00fcm Ba\u015fbozkurt G\u00fcr&#8217;\u00fcn kat\u0131l\u0131mlar\u0131yla ger\u00e7ekle\u015ftirilmi\u015ftir. <\/p>\n\n\n\n<p>Neslihan Aktar moderat\u00f6rl\u00fc\u011f\u00fcnde ger\u00e7ekle\u015ftirilen canl\u0131 yay\u0131nda engelli bireylerin g\u00fcndelik hayatta kar\u015f\u0131la\u015fabilece\u011fi sorunlar ve bu sorunlara bulduklar\u0131 \u00e7\u00f6z\u00fcm yollar\u0131 gibi konular konu\u015fulmu\u015ftur.<\/p>\n\n\n\n<p>Konuklar\u0131n &#8220;G\u00f6rme engelli bireyler nas\u0131l yemek yapar, nas\u0131l al\u0131\u015fveri\u015f yapar, hangi otob\u00fcs\u00fcn geldi\u011fini nas\u0131l anlar?&#8221; gibi sorulara verdi\u011fi yan\u0131tlar izleyicilerin engelli bireylerin hayatlar\u0131 hakk\u0131nda daha fazla fikir sahibi olmalar\u0131n\u0131 sa\u011flamak a\u00e7\u0131s\u0131ndan faydal\u0131 olmu\u015ftur.<\/p>\n\n\n\n<p>\u0130zleyicilerin merak ettikleri sorular\u0131n de\u011ferli kat\u0131l\u0131mc\u0131lar\u0131m\u0131za sorulmas\u0131yla canl\u0131 yay\u0131n sonland\u0131r\u0131lm\u0131\u015ft\u0131r. Daha kapsaml\u0131 bilgi edinmek i\u00e7in @ugardorg Instagram adresini ziyaret\u00a0edebilirsiniz.<\/p>\n","protected":false},"excerpt":{"rendered":"<p>\u201cEngelli Bireyler Hakk\u0131nda Do\u011fru Bilinen Yanl\u0131\u015flar\u201d konulu canl\u0131 yay\u0131n etkinli\u011fi Recep G\u00fcr ve Ay\u015fe Beg\u00fcm Ba\u015fbozkurt G\u00fcr&#8217;\u00fcn kat\u0131l\u0131mlar\u0131yla ger\u00e7ekle\u015ftirilmi\u015ftir. <\/p>\n","protected":false},"author":1,"featured_media":564,"comment_status":"closed","ping_status":"open","sticky":false,"template":"","format":"standard","meta":{"footnotes":""},"categories":[9],"tags":[5,7,42],"class_list":["post-562","post","type-post","status-publish","format-standard","has-post-thumbnail","hentry","category-haberler","tag-engelli-haklari","tag-genclik","tag-sivil-toplum"],"_links":{"self":[{"href":"https:\/\/ugard.org.tr\/index.php\/wp-json\/wp\/v2\/posts\/562","targetHints":{"allow":["GET"]}}],"collection":[{"href":"https:\/\/ugard.org.tr\/index.php\/wp-json\/wp\/v2\/posts"}],"about":[{"href":"https:\/\/ugard.org.tr\/index.php\/wp-json\/wp\/v2\/types\/post"}],"author":[{"embeddable":true,"href":"https:\/\/ugard.org.tr\/index.php\/wp-json\/wp\/v2\/users\/1"}],"replies":[{"embeddable":true,"href":"https:\/\/ugard.org.tr\/index.php\/wp-json\/wp\/v2\/comments?post=562"}],"version-history":[{"count":0,"href":"https:\/\/ugard.org.tr\/index.php\/wp-json\/wp\/v2\/posts\/562\/revisions"}],"wp:featuredmedia":[{"embeddable":true,"href":"https:\/\/ugard.org.tr\/index.php\/wp-json\/wp\/v2\/media\/564"}],"wp:attachment":[{"href":"https:\/\/ugard.org.tr\/index.php\/wp-json\/wp\/v2\/media?parent=562"}],"wp:term":[{"taxonomy":"category","embeddable":true,"href":"https:\/\/ugard.org.tr\/index.php\/wp-json\/wp\/v2\/categories?post=562"},{"taxonomy":"post_tag","embeddable":true,"href":"https:\/\/ugard.org.tr\/index.php\/wp-json\/wp\/v2\/tags?post=562"}],"curies":[{"name":"wp","href":"https:\/\/api.w.org\/{rel}","templated":true}]}}