{"id":573,"date":"2024-03-06T21:31:40","date_gmt":"2024-03-06T21:31:40","guid":{"rendered":"https:\/\/ugard.org\/?p=573"},"modified":"2024-03-06T21:31:42","modified_gmt":"2024-03-06T21:31:42","slug":"engelli-haklari-izleme-platformu-toplantisina-katildik","status":"publish","type":"post","link":"https:\/\/ugard.org.tr\/index.php\/2024\/03\/06\/engelli-haklari-izleme-platformu-toplantisina-katildik\/","title":{"rendered":"Engelli Haklar\u0131 \u0130zleme Platformu Toplant\u0131s\u0131na Kat\u0131ld\u0131k!"},"content":{"rendered":"\n<p>23-25 \u015eubat tarihleri aras\u0131nda Engelli Haklar\u0131 \u0130zleme Platformu taraf\u0131ndan \u0130stanbul\u2019da ger\u00e7ekle\u015ftirilen s\u00fcrd\u00fcr\u00fclebilirlik \u00fczerine kapsaml\u0131 bir toplant\u0131ya kat\u0131ld\u0131k.<\/p>\n\n\n\n<p>\u0130ki g\u00fcn s\u00fcren y\u00fcz y\u00fcze toplant\u0131n\u0131n birinci g\u00fcn\u00fcnde; Engelli Haklar\u0131 \u0130zleme Platformunun gelece\u011finin konu\u015fulmas\u0131n\u0131n yan\u0131nda platformun i\u015fleyi\u015f yap\u0131s\u0131n\u0131n belirlenmesi, platformun ilkeleri ve platformun stratejisine y\u00f6nelik hedefler de ele al\u0131nd\u0131.<\/p>\n\n\n\n<p>Toplant\u0131n\u0131n ikinci g\u00fcn\u00fcnde ise; orta ve uzun vadede hedeflere ili\u015fkin faaliyetler belirlenerek stratejik faaliyetlere y\u00f6nelik i\u015f b\u00f6l\u00fcm\u00fc planland\u0131.<\/p>\n\n\n\n<p>Farkl\u0131 sivil toplum \u00f6rg\u00fctlerinin yer ald\u0131\u011f\u0131 bir koordinasyon kurulu olu\u015fturmas\u0131n\u0131n yan\u0131 s\u0131ra g\u00f6rev da\u011f\u0131l\u0131mlar\u0131 yap\u0131ld\u0131.<\/p>\n\n\n\n<p>UGARD olarak bu platformun bir par\u00e7as\u0131 olmaktan mutluluk duyuyor, \u00f6rg\u00fctsel bir birli\u011fin i\u00e7inde olman\u0131n bize g\u00fc\u00e7 verdi\u011fine ve g\u00fcc\u00fc daha iyi seviyelere ta\u015f\u0131yaca\u011f\u0131m\u0131za inan\u0131yoruz.<\/p>\n\n\n\n<figure class=\"wp-block-gallery has-nested-images columns-default is-cropped wp-block-gallery-1 is-layout-flex wp-block-gallery-is-layout-flex\">\n<figure class=\"wp-block-image size-large\"><img loading=\"lazy\" decoding=\"async\" width=\"1024\" height=\"768\" data-id=\"578\" src=\"https:\/\/ugard.org\/wp-content\/uploads\/2024\/03\/IMG-20240307-WA0019-1024x768.jpg\" alt=\"U d\u00fczeninde oturmakta olan kat\u0131l\u0131mc\u0131lar\u0131n yer ald\u0131\u011f\u0131 foto\u011fraf karesi\" class=\"wp-image-578\" srcset=\"https:\/\/ugard.org.tr\/wp-content\/uploads\/2024\/03\/IMG-20240307-WA0019-1024x768.jpg 1024w, https:\/\/ugard.org.tr\/wp-content\/uploads\/2024\/03\/IMG-20240307-WA0019-300x225.jpg 300w, https:\/\/ugard.org.tr\/wp-content\/uploads\/2024\/03\/IMG-20240307-WA0019-768x576.jpg 768w, https:\/\/ugard.org.tr\/wp-content\/uploads\/2024\/03\/IMG-20240307-WA0019-1536x1152.jpg 1536w, https:\/\/ugard.org.tr\/wp-content\/uploads\/2024\/03\/IMG-20240307-WA0019.jpg 1600w\" sizes=\"auto, (max-width: 1024px) 100vw, 1024px\" \/><\/figure>\n\n\n\n<figure class=\"wp-block-image size-large\"><img loading=\"lazy\" decoding=\"async\" width=\"1024\" height=\"768\" data-id=\"577\" src=\"https:\/\/ugard.org\/wp-content\/uploads\/2024\/03\/IMG-20240307-WA0017-1024x768.jpg\" alt=\"U d\u00fczeninde oturmakta olan kat\u0131l\u0131mc\u0131lar\u0131n yer ald\u0131\u011f\u0131 foto\u011fraf karesi\" class=\"wp-image-577\" srcset=\"https:\/\/ugard.org.tr\/wp-content\/uploads\/2024\/03\/IMG-20240307-WA0017-1024x768.jpg 1024w, https:\/\/ugard.org.tr\/wp-content\/uploads\/2024\/03\/IMG-20240307-WA0017-300x225.jpg 300w, https:\/\/ugard.org.tr\/wp-content\/uploads\/2024\/03\/IMG-20240307-WA0017-768x576.jpg 768w, https:\/\/ugard.org.tr\/wp-content\/uploads\/2024\/03\/IMG-20240307-WA0017-1536x1152.jpg 1536w, https:\/\/ugard.org.tr\/wp-content\/uploads\/2024\/03\/IMG-20240307-WA0017.jpg 1600w\" sizes=\"auto, (max-width: 1024px) 100vw, 1024px\" \/><\/figure>\n\n\n\n<figure class=\"wp-block-image size-large\"><img loading=\"lazy\" decoding=\"async\" width=\"1024\" height=\"768\" data-id=\"576\" src=\"https:\/\/ugard.org\/wp-content\/uploads\/2024\/03\/IMG-20240307-WA0012-1024x768.jpg\" alt=\"U d\u00fczeninde oturmakta olan kat\u0131l\u0131mc\u0131lar\u0131n yer ald\u0131\u011f\u0131 foto\u011fraf karesi\" class=\"wp-image-576\" srcset=\"https:\/\/ugard.org.tr\/wp-content\/uploads\/2024\/03\/IMG-20240307-WA0012-1024x768.jpg 1024w, https:\/\/ugard.org.tr\/wp-content\/uploads\/2024\/03\/IMG-20240307-WA0012-300x225.jpg 300w, https:\/\/ugard.org.tr\/wp-content\/uploads\/2024\/03\/IMG-20240307-WA0012-768x576.jpg 768w, https:\/\/ugard.org.tr\/wp-content\/uploads\/2024\/03\/IMG-20240307-WA0012-1536x1152.jpg 1536w, https:\/\/ugard.org.tr\/wp-content\/uploads\/2024\/03\/IMG-20240307-WA0012.jpg 1600w\" sizes=\"auto, (max-width: 1024px) 100vw, 1024px\" \/><\/figure>\n\n\n\n<figure class=\"wp-block-image size-large\"><img loading=\"lazy\" decoding=\"async\" width=\"1024\" height=\"768\" data-id=\"575\" src=\"https:\/\/ugard.org\/wp-content\/uploads\/2024\/03\/IMG-20240307-WA0011-1024x768.jpg\" alt=\"Grup \u00e7al\u0131\u015fmalar\u0131 esnas\u0131nda \u00e7ekilmi\u015f bir kare\" class=\"wp-image-575\" srcset=\"https:\/\/ugard.org.tr\/wp-content\/uploads\/2024\/03\/IMG-20240307-WA0011-1024x768.jpg 1024w, https:\/\/ugard.org.tr\/wp-content\/uploads\/2024\/03\/IMG-20240307-WA0011-300x225.jpg 300w, https:\/\/ugard.org.tr\/wp-content\/uploads\/2024\/03\/IMG-20240307-WA0011-768x576.jpg 768w, https:\/\/ugard.org.tr\/wp-content\/uploads\/2024\/03\/IMG-20240307-WA0011-1536x1152.jpg 1536w, https:\/\/ugard.org.tr\/wp-content\/uploads\/2024\/03\/IMG-20240307-WA0011.jpg 1600w\" sizes=\"auto, (max-width: 1024px) 100vw, 1024px\" \/><\/figure>\n<\/figure>\n","protected":false},"excerpt":{"rendered":"<p>23-25 \u015eubat tarihleri aras\u0131nda Engelli Haklar\u0131 \u0130zleme Platformu taraf\u0131ndan \u0130stanbul\u2019da ger\u00e7ekle\u015ftirilen s\u00fcrd\u00fcr\u00fclebilirlik \u00fczerine kapsaml\u0131 bir toplant\u0131ya kat\u0131ld\u0131k.<\/p>\n","protected":false},"author":1,"featured_media":579,"comment_status":"closed","ping_status":"open","sticky":false,"template":"","format":"standard","meta":{"footnotes":""},"categories":[9],"tags":[5,6,8,42],"class_list":["post-573","post","type-post","status-publish","format-standard","has-post-thumbnail","hentry","category-haberler","tag-engelli-haklari","tag-platform","tag-savunuculuk","tag-sivil-toplum"],"_links":{"self":[{"href":"https:\/\/ugard.org.tr\/index.php\/wp-json\/wp\/v2\/posts\/573","targetHints":{"allow":["GET"]}}],"collection":[{"href":"https:\/\/ugard.org.tr\/index.php\/wp-json\/wp\/v2\/posts"}],"about":[{"href":"https:\/\/ugard.org.tr\/index.php\/wp-json\/wp\/v2\/types\/post"}],"author":[{"embeddable":true,"href":"https:\/\/ugard.org.tr\/index.php\/wp-json\/wp\/v2\/users\/1"}],"replies":[{"embeddable":true,"href":"https:\/\/ugard.org.tr\/index.php\/wp-json\/wp\/v2\/comments?post=573"}],"version-history":[{"count":0,"href":"https:\/\/ugard.org.tr\/index.php\/wp-json\/wp\/v2\/posts\/573\/revisions"}],"wp:featuredmedia":[{"embeddable":true,"href":"https:\/\/ugard.org.tr\/index.php\/wp-json\/wp\/v2\/media\/579"}],"wp:attachment":[{"href":"https:\/\/ugard.org.tr\/index.php\/wp-json\/wp\/v2\/media?parent=573"}],"wp:term":[{"taxonomy":"category","embeddable":true,"href":"https:\/\/ugard.org.tr\/index.php\/wp-json\/wp\/v2\/categories?post=573"},{"taxonomy":"post_tag","embeddable":true,"href":"https:\/\/ugard.org.tr\/index.php\/wp-json\/wp\/v2\/tags?post=573"}],"curies":[{"name":"wp","href":"https:\/\/api.w.org\/{rel}","templated":true}]}}