{"id":619,"date":"2024-05-04T13:13:28","date_gmt":"2024-05-04T13:13:28","guid":{"rendered":"https:\/\/ugard.org\/?p=619"},"modified":"2024-05-04T13:13:33","modified_gmt":"2024-05-04T13:13:33","slug":"otizm-farkindaligi-egitimi-gerceklestirdik","status":"publish","type":"post","link":"https:\/\/ugard.org.tr\/index.php\/2024\/05\/04\/otizm-farkindaligi-egitimi-gerceklestirdik\/","title":{"rendered":"Otizm Fark\u0131ndal\u0131\u011f\u0131 E\u011fitimi Ger\u00e7ekle\u015ftirdik!"},"content":{"rendered":"\n<p>25.04.2024 tarihinde UGARD instagram canl\u0131 yay\u0131n\u0131 \u00fczerinden \u201cOtizm Fark\u0131ndal\u0131\u011f\u0131 E\u011fitimi\u201d ger\u00e7ekle\u015ftirildi. Soru-cevap \u015feklinde ilerleyen e\u011fitimde bizlere Otizm Dernekleri Federasyonu Ba\u015fkan\u0131 Ergin G\u00fcng\u00f6r e\u015flik etti. E\u011fitimde \u201cOtizm nedir, olma nedenleri nelerdir, te\u015fhisi nas\u0131l konulur, te\u015fhis s\u00fcrecinde nelere dikkat edilir ve otizmde erken te\u015fhisin \u00f6nemi nedir?\u201d sorular\u0131 \u00fczerinde duruldu.<br>Otizmli bireylerin g\u00fcnl\u00fck ya\u015fam\u0131nda nelere dikkat edilmesi gerekti\u011fi, ailelerin bu konuda nas\u0131l destek alabilecekleri hakk\u0131nda konu\u015fuldu. Otizmli bireylere kar\u015f\u0131 toplumun sahip oldu\u011fu bak\u0131\u015f a\u00e7\u0131s\u0131 ve bunu de\u011fi\u015ftirmek i\u00e7in \u00fczerimize d\u00fc\u015fen g\u00f6revlerden bahsedildi. Otizmli bireylerin topluma kat\u0131l\u0131m\u0131n\u0131 sa\u011flamak i\u00e7in yap\u0131lmas\u0131 gerekenler ve otizm hakk\u0131nda yanl\u0131\u015f bilinenler anlat\u0131ld\u0131. Son olarak Otizm Dernekleri Konfederasyonu&#8217;nun \u00e7al\u0131\u015fmalar\u0131ndan bahsedilerek e\u011fitim tamamland\u0131.<\/p>\n","protected":false},"excerpt":{"rendered":"<p>\u201cOtizm Fark\u0131ndal\u0131\u011f\u0131 E\u011fitimi\u201d ger\u00e7ekle\u015ftirildi. Soru-cevap \u015feklinde ilerleyen e\u011fitimde bizlere Otizm Dernekleri Federasyonu Ba\u015fkan\u0131 Ergin G\u00fcng\u00f6r e\u015flik etti. E\u011fitimde \u201cOtizm nedir, olma nedenleri nelerdir, te\u015fhisi nas\u0131l konulur, te\u015fhis s\u00fcrecinde nelere dikkat edilir ve otizmde erken te\u015fhisin \u00f6nemi nedir?\u201d sorular\u0131 \u00fczerinde duruldu.<\/p>\n","protected":false},"author":1,"featured_media":620,"comment_status":"closed","ping_status":"open","sticky":false,"template":"","format":"standard","meta":{"footnotes":""},"categories":[9],"tags":[5,190,18,186,8],"class_list":["post-619","post","type-post","status-publish","format-standard","has-post-thumbnail","hentry","category-haberler","tag-engelli-haklari","tag-farkindalik","tag-gonullu","tag-otizmfarkindaligi","tag-savunuculuk"],"_links":{"self":[{"href":"https:\/\/ugard.org.tr\/index.php\/wp-json\/wp\/v2\/posts\/619","targetHints":{"allow":["GET"]}}],"collection":[{"href":"https:\/\/ugard.org.tr\/index.php\/wp-json\/wp\/v2\/posts"}],"about":[{"href":"https:\/\/ugard.org.tr\/index.php\/wp-json\/wp\/v2\/types\/post"}],"author":[{"embeddable":true,"href":"https:\/\/ugard.org.tr\/index.php\/wp-json\/wp\/v2\/users\/1"}],"replies":[{"embeddable":true,"href":"https:\/\/ugard.org.tr\/index.php\/wp-json\/wp\/v2\/comments?post=619"}],"version-history":[{"count":0,"href":"https:\/\/ugard.org.tr\/index.php\/wp-json\/wp\/v2\/posts\/619\/revisions"}],"wp:featuredmedia":[{"embeddable":true,"href":"https:\/\/ugard.org.tr\/index.php\/wp-json\/wp\/v2\/media\/620"}],"wp:attachment":[{"href":"https:\/\/ugard.org.tr\/index.php\/wp-json\/wp\/v2\/media?parent=619"}],"wp:term":[{"taxonomy":"category","embeddable":true,"href":"https:\/\/ugard.org.tr\/index.php\/wp-json\/wp\/v2\/categories?post=619"},{"taxonomy":"post_tag","embeddable":true,"href":"https:\/\/ugard.org.tr\/index.php\/wp-json\/wp\/v2\/tags?post=619"}],"curies":[{"name":"wp","href":"https:\/\/api.w.org\/{rel}","templated":true}]}}