{"id":622,"date":"2024-05-07T09:34:04","date_gmt":"2024-05-07T09:34:04","guid":{"rendered":"https:\/\/ugard.org\/?p=622"},"modified":"2024-05-07T09:34:06","modified_gmt":"2024-05-07T09:34:06","slug":"ankarada-bir-dizi-ziyaretler-gerceklestirdik","status":"publish","type":"post","link":"https:\/\/ugard.org.tr\/index.php\/2024\/05\/07\/ankarada-bir-dizi-ziyaretler-gerceklestirdik\/","title":{"rendered":"Ankara&#8217;da Bir Dizi Ziyaretler Ger\u00e7ekle\u015ftirdik."},"content":{"rendered":"\n<p>Uluslararas\u0131 Gen\u00e7 Aray\u0131\u015f Derne\u011fi olarak Engelli Haklar\u0131 \u0130zleme Platformu ile i\u015fbirli\u011fi i\u00e7erisinde \u00e7al\u0131\u015ft\u0131\u011f\u0131m\u0131z \u015eanl\u0131urfa Omurilik Fel\u00e7lileri Derne\u011fi ile birlikte 02.05.2024-03.05.2024 tarihinde Ankara\u2019da TBMM ve  farkl\u0131 kamu kurum ve kurulu\u015flar\u0131na ziyaret ger\u00e7ekle\u015ftirdik.<\/p>\n\n\n\n<p>Bu ziyaretimizde meclis idari amiri Sn. milletvekili \u0130brahim Eyy\u00fcpo\u011flu ve milletvekillerimiz Sn. Hikmet Ba\u015fak, Sn. Cevahir Asuman Yazmac\u0131 ve Sn. Mehmet Ali Cevheri ile D\u0131\u015fi\u015fleri Bakanl\u0131\u011f\u0131 Avrupa Birli\u011fi Ba\u015fkanl\u0131\u011f\u0131na ba\u011fl\u0131 T\u00fcrkiye Ulusal Ajans\u0131 ve Sosyal G\u00fcvenlik Kurumu\u2019nda g\u00f6r\u00fc\u015fmeler ger\u00e7ekle\u015ftirdik. Bu g\u00f6r\u00fc\u015fmelerde engelli bireylerin kar\u015f\u0131la\u015ft\u0131\u011f\u0131 problemleri ilgili milletvekillerimiz ve kurumlara anlatma f\u0131rsat\u0131 yakalad\u0131k. \u0130lerleyen d\u00f6nemlerde yine milletvekilleri ve farkl\u0131 kurumlarla lobicilik g\u00f6r\u00fc\u015fmeleri yaparak engellilik ile ilgili problemler ve \u00e7\u00f6z\u00fcm yollar\u0131n\u0131 aktarmaya ve fikir al\u0131\u015fveri\u015fi yapmaya devam edece\u011fiz.<\/p>\n\n\n\n<figure class=\"wp-block-image size-large\"><img loading=\"lazy\" decoding=\"async\" width=\"1024\" height=\"768\" src=\"https:\/\/ugard.org\/wp-content\/uploads\/2024\/05\/photo_2024-05-07_11-43-06-1-1024x768.jpg\" alt=\"G\u00f6rselde meclis idari amiri Sn. milletvekili \u0130brahim Eyy\u00fcpo\u011flu ve milletvekillerimiz Sn. Hikmet Ba\u015fak, Sn. Cevahir Asuman Yazmac\u0131 ve Sn. Mehmet Ali Cevheri ile yap\u0131lan g\u00f6r\u00fc\u015fmelerden 4 ki\u015finin bulundu\u011fu 3 tane foto\u011fraf var.\" class=\"wp-image-628\" srcset=\"https:\/\/ugard.org.tr\/wp-content\/uploads\/2024\/05\/photo_2024-05-07_11-43-06-1-1024x768.jpg 1024w, https:\/\/ugard.org.tr\/wp-content\/uploads\/2024\/05\/photo_2024-05-07_11-43-06-1-300x225.jpg 300w, https:\/\/ugard.org.tr\/wp-content\/uploads\/2024\/05\/photo_2024-05-07_11-43-06-1-768x576.jpg 768w, https:\/\/ugard.org.tr\/wp-content\/uploads\/2024\/05\/photo_2024-05-07_11-43-06-1.jpg 1280w\" sizes=\"auto, (max-width: 1024px) 100vw, 1024px\" \/><\/figure>\n\n\n\n<figure class=\"wp-block-image size-large\"><img loading=\"lazy\" decoding=\"async\" width=\"1024\" height=\"768\" src=\"https:\/\/ugard.org\/wp-content\/uploads\/2024\/05\/photo_2024-05-07_11-43-01-2-1024x768.jpg\" alt=\"\" class=\"wp-image-629\" srcset=\"https:\/\/ugard.org.tr\/wp-content\/uploads\/2024\/05\/photo_2024-05-07_11-43-01-2-1024x768.jpg 1024w, https:\/\/ugard.org.tr\/wp-content\/uploads\/2024\/05\/photo_2024-05-07_11-43-01-2-300x225.jpg 300w, https:\/\/ugard.org.tr\/wp-content\/uploads\/2024\/05\/photo_2024-05-07_11-43-01-2-768x576.jpg 768w, https:\/\/ugard.org.tr\/wp-content\/uploads\/2024\/05\/photo_2024-05-07_11-43-01-2.jpg 1280w\" sizes=\"auto, (max-width: 1024px) 100vw, 1024px\" \/><\/figure>\n\n\n\n<figure class=\"wp-block-image size-large\"><img loading=\"lazy\" decoding=\"async\" width=\"1024\" height=\"768\" src=\"https:\/\/ugard.org\/wp-content\/uploads\/2024\/05\/photo_2024-05-07_11-43-04-1-1024x768.jpg\" alt=\"\" class=\"wp-image-630\" srcset=\"https:\/\/ugard.org.tr\/wp-content\/uploads\/2024\/05\/photo_2024-05-07_11-43-04-1-1024x768.jpg 1024w, https:\/\/ugard.org.tr\/wp-content\/uploads\/2024\/05\/photo_2024-05-07_11-43-04-1-300x225.jpg 300w, https:\/\/ugard.org.tr\/wp-content\/uploads\/2024\/05\/photo_2024-05-07_11-43-04-1-768x576.jpg 768w, https:\/\/ugard.org.tr\/wp-content\/uploads\/2024\/05\/photo_2024-05-07_11-43-04-1.jpg 1280w\" sizes=\"auto, (max-width: 1024px) 100vw, 1024px\" \/><\/figure>\n","protected":false},"excerpt":{"rendered":"<p>Uluslararas\u0131 Gen\u00e7 Aray\u0131\u015f Derne\u011fi olarak Engelli Haklar\u0131 \u0130zleme Platformu ile i\u015fbirli\u011fi i\u00e7erisinde \u00e7al\u0131\u015ft\u0131\u011f\u0131m\u0131z \u015eanl\u0131urfa Omurilik Fel\u00e7lileri Derne\u011fi ile birlikte 02.05.2024-03.05.2024 tarihinde Ankara\u2019da TBMM ve  farkl\u0131 kamu kurum ve kurulu\u015flar\u0131na ziyaret ger\u00e7ekle\u015ftirdik.<\/p>\n","protected":false},"author":1,"featured_media":623,"comment_status":"closed","ping_status":"open","sticky":false,"template":"","format":"standard","meta":{"footnotes":""},"categories":[9],"tags":[5,194,6,8,42,192],"class_list":["post-622","post","type-post","status-publish","format-standard","has-post-thumbnail","hentry","category-haberler","tag-engelli-haklari","tag-lobicilik","tag-platform","tag-savunuculuk","tag-sivil-toplum","tag-tbmm"],"_links":{"self":[{"href":"https:\/\/ugard.org.tr\/index.php\/wp-json\/wp\/v2\/posts\/622","targetHints":{"allow":["GET"]}}],"collection":[{"href":"https:\/\/ugard.org.tr\/index.php\/wp-json\/wp\/v2\/posts"}],"about":[{"href":"https:\/\/ugard.org.tr\/index.php\/wp-json\/wp\/v2\/types\/post"}],"author":[{"embeddable":true,"href":"https:\/\/ugard.org.tr\/index.php\/wp-json\/wp\/v2\/users\/1"}],"replies":[{"embeddable":true,"href":"https:\/\/ugard.org.tr\/index.php\/wp-json\/wp\/v2\/comments?post=622"}],"version-history":[{"count":0,"href":"https:\/\/ugard.org.tr\/index.php\/wp-json\/wp\/v2\/posts\/622\/revisions"}],"wp:featuredmedia":[{"embeddable":true,"href":"https:\/\/ugard.org.tr\/index.php\/wp-json\/wp\/v2\/media\/623"}],"wp:attachment":[{"href":"https:\/\/ugard.org.tr\/index.php\/wp-json\/wp\/v2\/media?parent=622"}],"wp:term":[{"taxonomy":"category","embeddable":true,"href":"https:\/\/ugard.org.tr\/index.php\/wp-json\/wp\/v2\/categories?post=622"},{"taxonomy":"post_tag","embeddable":true,"href":"https:\/\/ugard.org.tr\/index.php\/wp-json\/wp\/v2\/tags?post=622"}],"curies":[{"name":"wp","href":"https:\/\/api.w.org\/{rel}","templated":true}]}}