{"id":638,"date":"2024-05-19T12:27:16","date_gmt":"2024-05-19T12:27:16","guid":{"rendered":"https:\/\/ugard.org\/?p=638"},"modified":"2024-05-19T12:27:17","modified_gmt":"2024-05-19T12:27:17","slug":"stok-400-buyuyen-orgutler-yuz-yuze-egitim-programina-katildik","status":"publish","type":"post","link":"https:\/\/ugard.org.tr\/index.php\/2024\/05\/19\/stok-400-buyuyen-orgutler-yuz-yuze-egitim-programina-katildik\/","title":{"rendered":"STOK 400 &#8211; B\u00fcy\u00fcyen \u00d6rg\u00fctler Y\u00fcz Y\u00fcze E\u011fitim Program\u0131na kat\u0131ld\u0131k!"},"content":{"rendered":"\n<p>STOK 400 &#8211; B\u00fcy\u00fcyen \u00d6rg\u00fctler program\u0131 May\u0131s-Haziran-Temmuz ve Eyl\u00fcl aylar\u0131nda 3\u2019er g\u00fcn y\u00fcz y\u00fcze ger\u00e7ekle\u015fen e\u011fitimleri i\u00e7eriyor.<\/p>\n\n\n\n<p>Sosyal fayda ve iktisadi i\u015fletmenin, g\u00f6n\u00fcll\u00fclerle ili\u015fkilerin ve \u00f6rg\u00fct i\u00e7i etkin ileti\u015fim ve mekanizmalar\u0131n yan\u0131 s\u0131ra kan\u0131ta dayal\u0131 savunuculuk yapabilmek i\u00e7in ara\u015ft\u0131rma y\u00f6ntemlerini de \u00f6\u011frenece\u011fimiz e\u011fitimlerin 15-17 May\u0131s tarihinde ger\u00e7ekle\u015fen 401- Sosyal Fayda ve \u0130ktisadi \u0130\u015fletme adl\u0131 ilk oturumuna kat\u0131ld\u0131k.<\/p>\n\n\n\n<p>402-G\u00f6n\u00fcll\u00fclerle \u0130li\u015fkiler ba\u015fl\u0131kl\u0131 e\u011fitim ise 11-13 Haziran tarihlerinde yine Ankara\u2019da ger\u00e7ekle\u015fecek ve bizde bu e\u011fitime kat\u0131laca\u011f\u0131z.<\/p>\n\n\n\n<figure class=\"wp-block-image size-large\"><img loading=\"lazy\" decoding=\"async\" width=\"1024\" height=\"768\" src=\"https:\/\/ugard.org\/wp-content\/uploads\/2024\/05\/photo_2024-05-19_15-17-24-1024x768.jpg\" alt=\"Projeksiyona yans\u0131t\u0131lm\u0131\u015f e\u011fitim materyalinin \u00f6n\u00fcnde U d\u00fczeninde masada oturan 20 ki\u015fi var\" class=\"wp-image-643\" srcset=\"https:\/\/ugard.org.tr\/wp-content\/uploads\/2024\/05\/photo_2024-05-19_15-17-24-1024x768.jpg 1024w, https:\/\/ugard.org.tr\/wp-content\/uploads\/2024\/05\/photo_2024-05-19_15-17-24-300x225.jpg 300w, https:\/\/ugard.org.tr\/wp-content\/uploads\/2024\/05\/photo_2024-05-19_15-17-24-768x576.jpg 768w, https:\/\/ugard.org.tr\/wp-content\/uploads\/2024\/05\/photo_2024-05-19_15-17-24.jpg 1280w\" sizes=\"auto, (max-width: 1024px) 100vw, 1024px\" \/><\/figure>\n\n\n\n<figure class=\"wp-block-image size-large\"><img loading=\"lazy\" decoding=\"async\" width=\"1024\" height=\"768\" src=\"https:\/\/ugard.org\/wp-content\/uploads\/2024\/05\/photo_2024-05-19_15-17-30-1024x768.jpg\" alt=\"\u00d6r\u00fcmcek a\u011f\u0131 metaforuyla bir ip ile oyun olu\u015fturmu\u015f 20 ki\u015fi ayaktad\u0131r\" class=\"wp-image-641\" srcset=\"https:\/\/ugard.org.tr\/wp-content\/uploads\/2024\/05\/photo_2024-05-19_15-17-30-1024x768.jpg 1024w, https:\/\/ugard.org.tr\/wp-content\/uploads\/2024\/05\/photo_2024-05-19_15-17-30-300x225.jpg 300w, https:\/\/ugard.org.tr\/wp-content\/uploads\/2024\/05\/photo_2024-05-19_15-17-30-768x576.jpg 768w, https:\/\/ugard.org.tr\/wp-content\/uploads\/2024\/05\/photo_2024-05-19_15-17-30.jpg 1280w\" sizes=\"auto, (max-width: 1024px) 100vw, 1024px\" \/><\/figure>\n\n\n\n<figure class=\"wp-block-image size-large\"><img loading=\"lazy\" decoding=\"async\" width=\"1024\" height=\"576\" src=\"https:\/\/ugard.org\/wp-content\/uploads\/2024\/05\/photo_2024-05-19_15-17-32-1024x576.jpg\" alt=\"20 ki\u015fi U d\u00fczeninde oturuyor\" class=\"wp-image-640\" srcset=\"https:\/\/ugard.org.tr\/wp-content\/uploads\/2024\/05\/photo_2024-05-19_15-17-32-1024x576.jpg 1024w, https:\/\/ugard.org.tr\/wp-content\/uploads\/2024\/05\/photo_2024-05-19_15-17-32-300x169.jpg 300w, https:\/\/ugard.org.tr\/wp-content\/uploads\/2024\/05\/photo_2024-05-19_15-17-32-768x432.jpg 768w, https:\/\/ugard.org.tr\/wp-content\/uploads\/2024\/05\/photo_2024-05-19_15-17-32.jpg 1280w\" sizes=\"auto, (max-width: 1024px) 100vw, 1024px\" \/><\/figure>\n","protected":false},"excerpt":{"rendered":"<p>Sosyal fayda ve iktisadi i\u015fletmenin, g\u00f6n\u00fcll\u00fclerle ili\u015fkilerin ve \u00f6rg\u00fct i\u00e7i etkin ileti\u015fim ve mekanizmalar\u0131n yan\u0131 s\u0131ra kan\u0131ta dayal\u0131 savunuculuk yapabilmek i\u00e7in ara\u015ft\u0131rma y\u00f6ntemlerini de \u00f6\u011frenece\u011fimiz e\u011fitimlerin 15-17 May\u0131s tarihinde ger\u00e7ekle\u015fen 401- Sosyal Fayda ve \u0130ktisadi \u0130\u015fletme adl\u0131 ilk oturumuna kat\u0131ld\u0131k. <\/p>\n","protected":false},"author":1,"featured_media":645,"comment_status":"closed","ping_status":"open","sticky":false,"template":"","format":"standard","meta":{"footnotes":""},"categories":[9],"tags":[8,42,41,12,202],"class_list":["post-638","post","type-post","status-publish","format-standard","has-post-thumbnail","hentry","category-haberler","tag-savunuculuk","tag-sivil-toplum","tag-stgm","tag-sto","tag-stok400"],"_links":{"self":[{"href":"https:\/\/ugard.org.tr\/index.php\/wp-json\/wp\/v2\/posts\/638","targetHints":{"allow":["GET"]}}],"collection":[{"href":"https:\/\/ugard.org.tr\/index.php\/wp-json\/wp\/v2\/posts"}],"about":[{"href":"https:\/\/ugard.org.tr\/index.php\/wp-json\/wp\/v2\/types\/post"}],"author":[{"embeddable":true,"href":"https:\/\/ugard.org.tr\/index.php\/wp-json\/wp\/v2\/users\/1"}],"replies":[{"embeddable":true,"href":"https:\/\/ugard.org.tr\/index.php\/wp-json\/wp\/v2\/comments?post=638"}],"version-history":[{"count":0,"href":"https:\/\/ugard.org.tr\/index.php\/wp-json\/wp\/v2\/posts\/638\/revisions"}],"wp:featuredmedia":[{"embeddable":true,"href":"https:\/\/ugard.org.tr\/index.php\/wp-json\/wp\/v2\/media\/645"}],"wp:attachment":[{"href":"https:\/\/ugard.org.tr\/index.php\/wp-json\/wp\/v2\/media?parent=638"}],"wp:term":[{"taxonomy":"category","embeddable":true,"href":"https:\/\/ugard.org.tr\/index.php\/wp-json\/wp\/v2\/categories?post=638"},{"taxonomy":"post_tag","embeddable":true,"href":"https:\/\/ugard.org.tr\/index.php\/wp-json\/wp\/v2\/tags?post=638"}],"curies":[{"name":"wp","href":"https:\/\/api.w.org\/{rel}","templated":true}]}}