{"id":693,"date":"2024-08-05T11:36:15","date_gmt":"2024-08-05T11:36:15","guid":{"rendered":"https:\/\/ugard.org\/?p=693"},"modified":"2024-08-05T11:42:31","modified_gmt":"2024-08-05T11:42:31","slug":"almanyada-erasmus-projesi-yurutuyoruz","status":"publish","type":"post","link":"https:\/\/ugard.org.tr\/index.php\/2024\/08\/05\/almanyada-erasmus-projesi-yurutuyoruz\/","title":{"rendered":"Almanya&#8217;da Erasmus+ projesi y\u00fcr\u00fct\u00fcyoruz!"},"content":{"rendered":"\n<p>Erasmus+ Program\u0131 kapsam\u0131nda 02.08.2024-04.08.2024 tarihleri aras\u0131nda haz\u0131rl\u0131k toplant\u0131s\u0131 yap\u0131lan proje, Almanya\u2019da bulunan East West East Derne\u011fi&#8217;nin ev sahipli\u011finde, Avusturya&#8217;dan Moveo International ve T\u00fcrkiye&#8217;den Uluslararas\u0131 Gen\u00e7 Aray\u0131\u015f Derne\u011fi (UGARD) olarak bizim ortakl\u0131\u011f\u0131m\u0131zda ger\u00e7ekle\u015ftirilmi\u015ftir.<\/p>\n\n\n\n<p>*15.10.2024-23.10.2024 tarihleri aras\u0131nda ise ana toplant\u0131s\u0131 planlanan projede haz\u0131rl\u0131k toplant\u0131s\u0131na kat\u0131lan 1 ki\u015fi dahil olmak \u00fczere toplam 1 engelli ve 1 engelli refakat\u00e7isi ile birlikte 7 tane kat\u0131l\u0131mc\u0131 yer alacak.<\/p>\n\n\n\n<p><\/p>\n\n\n\n<figure class=\"wp-block-gallery has-nested-images columns-default is-cropped wp-block-gallery-1 is-layout-flex wp-block-gallery-is-layout-flex\">\n<figure class=\"wp-block-image size-large\"><img loading=\"lazy\" decoding=\"async\" width=\"575\" height=\"1024\" data-id=\"694\" src=\"https:\/\/ugard.org\/wp-content\/uploads\/2024\/08\/photo_2024-08-05_14-33-58-575x1024.jpg\" alt=\"\" class=\"wp-image-694\" srcset=\"https:\/\/ugard.org.tr\/wp-content\/uploads\/2024\/08\/photo_2024-08-05_14-33-58-575x1024.jpg 575w, https:\/\/ugard.org.tr\/wp-content\/uploads\/2024\/08\/photo_2024-08-05_14-33-58-169x300.jpg 169w, https:\/\/ugard.org.tr\/wp-content\/uploads\/2024\/08\/photo_2024-08-05_14-33-58.jpg 719w\" sizes=\"auto, (max-width: 575px) 100vw, 575px\" \/><\/figure>\n\n\n\n<figure class=\"wp-block-image size-large\"><img loading=\"lazy\" decoding=\"async\" width=\"1024\" height=\"575\" data-id=\"698\" src=\"https:\/\/ugard.org\/wp-content\/uploads\/2024\/08\/photo_2024-08-05_14-33-57-1024x575.jpg\" alt=\"\" class=\"wp-image-698\" srcset=\"https:\/\/ugard.org.tr\/wp-content\/uploads\/2024\/08\/photo_2024-08-05_14-33-57-1024x575.jpg 1024w, https:\/\/ugard.org.tr\/wp-content\/uploads\/2024\/08\/photo_2024-08-05_14-33-57-300x169.jpg 300w, https:\/\/ugard.org.tr\/wp-content\/uploads\/2024\/08\/photo_2024-08-05_14-33-57-768x431.jpg 768w, https:\/\/ugard.org.tr\/wp-content\/uploads\/2024\/08\/photo_2024-08-05_14-33-57.jpg 1280w\" sizes=\"auto, (max-width: 1024px) 100vw, 1024px\" \/><\/figure>\n\n\n\n<figure class=\"wp-block-image size-large\"><img loading=\"lazy\" decoding=\"async\" width=\"1024\" height=\"575\" data-id=\"702\" src=\"https:\/\/ugard.org\/wp-content\/uploads\/2024\/08\/photo_2024-08-05_14-33-56-2-1024x575.jpg\" alt=\"\" class=\"wp-image-702\" srcset=\"https:\/\/ugard.org.tr\/wp-content\/uploads\/2024\/08\/photo_2024-08-05_14-33-56-2-1024x575.jpg 1024w, https:\/\/ugard.org.tr\/wp-content\/uploads\/2024\/08\/photo_2024-08-05_14-33-56-2-300x169.jpg 300w, https:\/\/ugard.org.tr\/wp-content\/uploads\/2024\/08\/photo_2024-08-05_14-33-56-2-768x431.jpg 768w, https:\/\/ugard.org.tr\/wp-content\/uploads\/2024\/08\/photo_2024-08-05_14-33-56-2.jpg 1280w\" sizes=\"auto, (max-width: 1024px) 100vw, 1024px\" \/><\/figure>\n\n\n\n<figure class=\"wp-block-image size-large\"><img loading=\"lazy\" decoding=\"async\" width=\"1024\" height=\"575\" data-id=\"697\" src=\"https:\/\/ugard.org\/wp-content\/uploads\/2024\/08\/photo_2024-08-05_14-33-56-1024x575.jpg\" alt=\"\" class=\"wp-image-697\" srcset=\"https:\/\/ugard.org.tr\/wp-content\/uploads\/2024\/08\/photo_2024-08-05_14-33-56-1024x575.jpg 1024w, https:\/\/ugard.org.tr\/wp-content\/uploads\/2024\/08\/photo_2024-08-05_14-33-56-300x169.jpg 300w, https:\/\/ugard.org.tr\/wp-content\/uploads\/2024\/08\/photo_2024-08-05_14-33-56-768x431.jpg 768w, https:\/\/ugard.org.tr\/wp-content\/uploads\/2024\/08\/photo_2024-08-05_14-33-56.jpg 1280w\" sizes=\"auto, (max-width: 1024px) 100vw, 1024px\" \/><\/figure>\n\n\n\n<figure class=\"wp-block-image size-large\"><img loading=\"lazy\" decoding=\"async\" width=\"575\" height=\"1024\" data-id=\"700\" src=\"https:\/\/ugard.org\/wp-content\/uploads\/2024\/08\/photo_2024-08-05_14-33-55-575x1024.jpg\" alt=\"\" class=\"wp-image-700\" srcset=\"https:\/\/ugard.org.tr\/wp-content\/uploads\/2024\/08\/photo_2024-08-05_14-33-55-575x1024.jpg 575w, https:\/\/ugard.org.tr\/wp-content\/uploads\/2024\/08\/photo_2024-08-05_14-33-55-169x300.jpg 169w, https:\/\/ugard.org.tr\/wp-content\/uploads\/2024\/08\/photo_2024-08-05_14-33-55.jpg 719w\" sizes=\"auto, (max-width: 575px) 100vw, 575px\" \/><\/figure>\n\n\n\n<figure class=\"wp-block-image size-large\"><img loading=\"lazy\" decoding=\"async\" width=\"575\" height=\"1024\" data-id=\"701\" src=\"https:\/\/ugard.org\/wp-content\/uploads\/2024\/08\/photo_2024-08-05_14-33-54-575x1024.jpg\" alt=\"\" class=\"wp-image-701\" srcset=\"https:\/\/ugard.org.tr\/wp-content\/uploads\/2024\/08\/photo_2024-08-05_14-33-54-575x1024.jpg 575w, https:\/\/ugard.org.tr\/wp-content\/uploads\/2024\/08\/photo_2024-08-05_14-33-54-169x300.jpg 169w, https:\/\/ugard.org.tr\/wp-content\/uploads\/2024\/08\/photo_2024-08-05_14-33-54.jpg 719w\" sizes=\"auto, (max-width: 575px) 100vw, 575px\" \/><\/figure>\n\n\n\n<figure class=\"wp-block-image size-large\"><img loading=\"lazy\" decoding=\"async\" width=\"1024\" height=\"575\" data-id=\"699\" src=\"https:\/\/ugard.org\/wp-content\/uploads\/2024\/08\/photo_2024-08-05_14-33-53-2-1024x575.jpg\" alt=\"\" class=\"wp-image-699\" srcset=\"https:\/\/ugard.org.tr\/wp-content\/uploads\/2024\/08\/photo_2024-08-05_14-33-53-2-1024x575.jpg 1024w, https:\/\/ugard.org.tr\/wp-content\/uploads\/2024\/08\/photo_2024-08-05_14-33-53-2-300x169.jpg 300w, https:\/\/ugard.org.tr\/wp-content\/uploads\/2024\/08\/photo_2024-08-05_14-33-53-2-768x431.jpg 768w, https:\/\/ugard.org.tr\/wp-content\/uploads\/2024\/08\/photo_2024-08-05_14-33-53-2.jpg 1280w\" sizes=\"auto, (max-width: 1024px) 100vw, 1024px\" \/><\/figure>\n\n\n\n<figure class=\"wp-block-image size-large\"><img loading=\"lazy\" decoding=\"async\" width=\"1024\" height=\"575\" data-id=\"695\" src=\"https:\/\/ugard.org\/wp-content\/uploads\/2024\/08\/photo_2024-08-05_14-33-53-1024x575.jpg\" alt=\"\" class=\"wp-image-695\" srcset=\"https:\/\/ugard.org.tr\/wp-content\/uploads\/2024\/08\/photo_2024-08-05_14-33-53-1024x575.jpg 1024w, https:\/\/ugard.org.tr\/wp-content\/uploads\/2024\/08\/photo_2024-08-05_14-33-53-300x169.jpg 300w, https:\/\/ugard.org.tr\/wp-content\/uploads\/2024\/08\/photo_2024-08-05_14-33-53-768x431.jpg 768w, https:\/\/ugard.org.tr\/wp-content\/uploads\/2024\/08\/photo_2024-08-05_14-33-53.jpg 1280w\" sizes=\"auto, (max-width: 1024px) 100vw, 1024px\" \/><\/figure>\n<\/figure>\n\n\n\n<p><\/p>\n","protected":false},"excerpt":{"rendered":"<p>Erasmus+ Program\u0131 kapsam\u0131nda 02.08.2024-04.08.2024 tarihleri aras\u0131nda haz\u0131rl\u0131k toplant\u0131s\u0131 yap\u0131lan proje, Almanya\u2019da bulunan East West East Derne\u011fi&#8217;nin ev sahipli\u011finde, Avusturya&#8217;dan Moveo International ve T\u00fcrkiye&#8217;den Uluslararas\u0131 Gen\u00e7 Aray\u0131\u015f Derne\u011fi (UGARD) olarak bizim ortakl\u0131\u011f\u0131m\u0131zda ger\u00e7ekle\u015ftirilmi\u015ftir. *15.10.2024-23.10.2024 tarihleri aras\u0131nda ise ana toplant\u0131s\u0131 planlanan projede haz\u0131rl\u0131k toplant\u0131s\u0131na kat\u0131lan 1 ki\u015fi dahil olmak \u00fczere toplam 1 engelli ve 1 engelli refakat\u00e7isi [&hellip;]<\/p>\n","protected":false},"author":1,"featured_media":702,"comment_status":"closed","ping_status":"open","sticky":false,"template":"","format":"standard","meta":{"footnotes":""},"categories":[10,9],"tags":[5,31,7,23,8,42],"class_list":["post-693","post","type-post","status-publish","format-standard","has-post-thumbnail","hentry","category-duyuru","category-haberler","tag-engelli-haklari","tag-erasmus","tag-genclik","tag-gonulluluk","tag-savunuculuk","tag-sivil-toplum"],"_links":{"self":[{"href":"https:\/\/ugard.org.tr\/index.php\/wp-json\/wp\/v2\/posts\/693","targetHints":{"allow":["GET"]}}],"collection":[{"href":"https:\/\/ugard.org.tr\/index.php\/wp-json\/wp\/v2\/posts"}],"about":[{"href":"https:\/\/ugard.org.tr\/index.php\/wp-json\/wp\/v2\/types\/post"}],"author":[{"embeddable":true,"href":"https:\/\/ugard.org.tr\/index.php\/wp-json\/wp\/v2\/users\/1"}],"replies":[{"embeddable":true,"href":"https:\/\/ugard.org.tr\/index.php\/wp-json\/wp\/v2\/comments?post=693"}],"version-history":[{"count":0,"href":"https:\/\/ugard.org.tr\/index.php\/wp-json\/wp\/v2\/posts\/693\/revisions"}],"wp:featuredmedia":[{"embeddable":true,"href":"https:\/\/ugard.org.tr\/index.php\/wp-json\/wp\/v2\/media\/702"}],"wp:attachment":[{"href":"https:\/\/ugard.org.tr\/index.php\/wp-json\/wp\/v2\/media?parent=693"}],"wp:term":[{"taxonomy":"category","embeddable":true,"href":"https:\/\/ugard.org.tr\/index.php\/wp-json\/wp\/v2\/categories?post=693"},{"taxonomy":"post_tag","embeddable":true,"href":"https:\/\/ugard.org.tr\/index.php\/wp-json\/wp\/v2\/tags?post=693"}],"curies":[{"name":"wp","href":"https:\/\/api.w.org\/{rel}","templated":true}]}}