{"id":726,"date":"2024-10-22T15:39:54","date_gmt":"2024-10-22T15:39:54","guid":{"rendered":"https:\/\/ugard.org\/?p=726"},"modified":"2024-10-22T15:40:01","modified_gmt":"2024-10-22T15:40:01","slug":"yerel-savunuculuk-akademisinde-engellilik-ve-orgutlenme-bilinci-egitimi-gerceklestirildi","status":"publish","type":"post","link":"https:\/\/ugard.org.tr\/index.php\/2024\/10\/22\/yerel-savunuculuk-akademisinde-engellilik-ve-orgutlenme-bilinci-egitimi-gerceklestirildi\/","title":{"rendered":"Yerel Savunuculuk Akademisi&#8217;nde \u201cEngellilik ve \u00d6rg\u00fctlenme Bilinci\u201d E\u011fitimi Ger\u00e7ekle\u015ftirildi!"},"content":{"rendered":"\n<p>Sabanc\u0131 Vakf\u0131 taraf\u0131ndan desteklenen Uluslararas\u0131 Gen\u00e7 Aray\u0131\u015f Derne\u011fi\u2019nin ba\u015fvuru sahibi oldu\u011fu T\u00fcrkiye Gen\u00e7lik Birli\u011fi Derne\u011fi ve E\u011fitimde G\u00f6rme Engelliler Derne\u011fi ortakl\u0131\u011f\u0131nda y\u00fcr\u00fct\u00fclen Yerel Savunuculuk Akademisi projesinin 18-20 Ekim tarihinde ger\u00e7ekle\u015ftirilen Engellilik ve \u00d6rg\u00fctlenme Bilinci e\u011fitiminin ilk g\u00fcn\u00fc gen\u00e7 hak savunucular\u0131 aras\u0131nda grup dinami\u011fi olu\u015fturma ve sivil toplum ve \u00f6rg\u00fctlenme bilinci oturumlar\u0131yla ba\u015flad\u0131.<\/p>\n\n\n\n<div class=\"wp-block-group is-nowrap is-layout-flex wp-container-core-group-is-layout-6c531013 wp-block-group-is-layout-flex\">\n<p>Engellilik ve \u00d6rg\u00fctlenme Bilinci e\u011fitiminin ikinci g\u00fcn\u00fc gen\u00e7 hak savunucular\u0131 ile birinci oturumda engellilik alg\u0131s\u0131, ikinci oturumda engellili\u011fe ili\u015fkin modeller ve hak temelli \u00e7al\u0131\u015fma, \u00fc\u00e7\u00fcnc\u00fc oturumda engelli bireylere y\u00f6nelik tutum ve yakla\u015f\u0131mlar, d\u00f6rd\u00fcnc\u00fc ve son oturumda ise engellilikte \u015fehir efsaneleri ve do\u011fru bilinen yanl\u0131\u015flar konu\u015fuldu.<\/p>\n<\/div>\n\n\n\n<p>Engellilik ve \u00d6rg\u00fctlenme Bilinci e\u011fitiminin \u00fc\u00e7\u00fcnc\u00fc ve son g\u00fcn\u00fcnde gen\u00e7 hak savunucular\u0131 ile birinci oturumda f\u0131rsat e\u015fitli\u011fi ve haklara eri\u015fim temal\u0131 sim\u00fclasyon oyunu oynand\u0131. \u0130kinci oturumda ayr\u0131mc\u0131l\u0131k t\u00fcrlerinden bahsedildi. \u00dc\u00e7\u00fcnc\u00fc oturumda ise engellili\u011fe dayal\u0131 ayr\u0131mc\u0131l\u0131k t\u00fcrleri hakk\u0131nda vaka \u00e7al\u0131\u015fmalar\u0131 yap\u0131larak fikir al\u0131\u015fveri\u015flerinde bulunuldu.<\/p>\n\n\n\n<p>Projemizin bir sonraki e\u011fitimi 13-15 Aral\u0131k tarihleri aras\u0131nda \u201cSavunuculuk Y\u00f6ntemleri E\u011fitimi\u201d (\u0130zleme, Lobicilik vb.) olacak.<\/p>\n\n\n\n<p>Yerel Savunuculuk Akademisi projesi, engelli ve engelli olmayan gen\u00e7 hak savunmalar\u0131n\u0131 bir araya getirerek, hak savunuculu\u011fu alan\u0131nda bilin\u00e7lenmelerini ve sivil toplum alan\u0131na aktif kat\u0131l\u0131m sa\u011flamalar\u0131n\u0131 hedefliyor.<\/p>\n\n\n\n<figure class=\"wp-block-image size-large\"><img loading=\"lazy\" decoding=\"async\" width=\"1024\" height=\"1024\" src=\"https:\/\/ugard.org\/wp-content\/uploads\/2024\/10\/photo_2024-10-22_18-33-55-1024x1024.jpg\" alt=\"g\u00f6rselde bir grup ki\u015fi U d\u00fczende oturuyor\" class=\"wp-image-729\" srcset=\"https:\/\/ugard.org.tr\/wp-content\/uploads\/2024\/10\/photo_2024-10-22_18-33-55-1024x1024.jpg 1024w, https:\/\/ugard.org.tr\/wp-content\/uploads\/2024\/10\/photo_2024-10-22_18-33-55-300x300.jpg 300w, https:\/\/ugard.org.tr\/wp-content\/uploads\/2024\/10\/photo_2024-10-22_18-33-55-150x150.jpg 150w, https:\/\/ugard.org.tr\/wp-content\/uploads\/2024\/10\/photo_2024-10-22_18-33-55-768x768.jpg 768w, https:\/\/ugard.org.tr\/wp-content\/uploads\/2024\/10\/photo_2024-10-22_18-33-55.jpg 1080w\" sizes=\"auto, (max-width: 1024px) 100vw, 1024px\" \/><\/figure>\n\n\n\n<figure class=\"wp-block-image size-large\"><img loading=\"lazy\" decoding=\"async\" width=\"1024\" height=\"1024\" src=\"https:\/\/ugard.org\/wp-content\/uploads\/2024\/10\/photo_2024-10-22_18-33-56-1-1024x1024.jpg\" alt=\"G\u00f6rselde bir grup ki\u015fi ayakta duruyor. G\u00f6rme engelli ve tekerlekli sandalyede bedensel engelli bir erkek var.\" class=\"wp-image-734\" srcset=\"https:\/\/ugard.org.tr\/wp-content\/uploads\/2024\/10\/photo_2024-10-22_18-33-56-1-1024x1024.jpg 1024w, https:\/\/ugard.org.tr\/wp-content\/uploads\/2024\/10\/photo_2024-10-22_18-33-56-1-300x300.jpg 300w, https:\/\/ugard.org.tr\/wp-content\/uploads\/2024\/10\/photo_2024-10-22_18-33-56-1-150x150.jpg 150w, https:\/\/ugard.org.tr\/wp-content\/uploads\/2024\/10\/photo_2024-10-22_18-33-56-1-768x768.jpg 768w, https:\/\/ugard.org.tr\/wp-content\/uploads\/2024\/10\/photo_2024-10-22_18-33-56-1.jpg 1080w\" sizes=\"auto, (max-width: 1024px) 100vw, 1024px\" \/><\/figure>\n\n\n\n<figure class=\"wp-block-image size-large\"><img loading=\"lazy\" decoding=\"async\" width=\"1024\" height=\"1024\" src=\"https:\/\/ugard.org\/wp-content\/uploads\/2024\/10\/photo_2024-10-22_18-33-57-1-1024x1024.jpg\" alt=\"\" class=\"wp-image-735\" srcset=\"https:\/\/ugard.org.tr\/wp-content\/uploads\/2024\/10\/photo_2024-10-22_18-33-57-1-1024x1024.jpg 1024w, https:\/\/ugard.org.tr\/wp-content\/uploads\/2024\/10\/photo_2024-10-22_18-33-57-1-300x300.jpg 300w, https:\/\/ugard.org.tr\/wp-content\/uploads\/2024\/10\/photo_2024-10-22_18-33-57-1-150x150.jpg 150w, https:\/\/ugard.org.tr\/wp-content\/uploads\/2024\/10\/photo_2024-10-22_18-33-57-1-768x768.jpg 768w, https:\/\/ugard.org.tr\/wp-content\/uploads\/2024\/10\/photo_2024-10-22_18-33-57-1.jpg 1080w\" sizes=\"auto, (max-width: 1024px) 100vw, 1024px\" \/><\/figure>\n\n\n\n<figure class=\"wp-block-image size-large\"><img loading=\"lazy\" decoding=\"async\" width=\"1024\" height=\"1024\" src=\"https:\/\/ugard.org\/wp-content\/uploads\/2024\/10\/photo_2024-10-22_18-33-52-1-1024x1024.jpg\" alt=\"\" class=\"wp-image-732\" srcset=\"https:\/\/ugard.org.tr\/wp-content\/uploads\/2024\/10\/photo_2024-10-22_18-33-52-1-1024x1024.jpg 1024w, https:\/\/ugard.org.tr\/wp-content\/uploads\/2024\/10\/photo_2024-10-22_18-33-52-1-300x300.jpg 300w, https:\/\/ugard.org.tr\/wp-content\/uploads\/2024\/10\/photo_2024-10-22_18-33-52-1-150x150.jpg 150w, https:\/\/ugard.org.tr\/wp-content\/uploads\/2024\/10\/photo_2024-10-22_18-33-52-1-768x768.jpg 768w, https:\/\/ugard.org.tr\/wp-content\/uploads\/2024\/10\/photo_2024-10-22_18-33-52-1.jpg 1080w\" sizes=\"auto, (max-width: 1024px) 100vw, 1024px\" \/><\/figure>\n","protected":false},"excerpt":{"rendered":"<p>Sabanc\u0131 Vakf\u0131 taraf\u0131ndan desteklenen Uluslararas\u0131 Gen\u00e7 Aray\u0131\u015f Derne\u011fi\u2019nin ba\u015fvuru sahibi oldu\u011fu T\u00fcrkiye Gen\u00e7lik Birli\u011fi Derne\u011fi ve E\u011fitimde G\u00f6rme Engelliler Derne\u011fi ortakl\u0131\u011f\u0131nda y\u00fcr\u00fct\u00fclen Yerel Savunuculuk Akademisi projesinin 18-20 Ekim tarihinde ger\u00e7ekle\u015ftirilen Engellilik ve \u00d6rg\u00fctlenme Bilinci e\u011fitiminin ilk g\u00fcn\u00fc gen\u00e7 hak savunucular\u0131 aras\u0131nda grup dinami\u011fi olu\u015fturma ve sivil toplum ve \u00f6rg\u00fctlenme bilinci oturumlar\u0131yla ba\u015flad\u0131. Engellilik ve \u00d6rg\u00fctlenme [&hellip;]<\/p>\n","protected":false},"author":1,"featured_media":730,"comment_status":"closed","ping_status":"open","sticky":false,"template":"","format":"standard","meta":{"footnotes":""},"categories":[10,9],"tags":[204,5,7,18,6,8,42,12,206],"class_list":["post-726","post","type-post","status-publish","format-standard","has-post-thumbnail","hentry","category-duyuru","category-haberler","tag-akademi","tag-engelli-haklari","tag-genclik","tag-gonullu","tag-platform","tag-savunuculuk","tag-sivil-toplum","tag-sto","tag-yerelsavunuculukakademisi"],"_links":{"self":[{"href":"https:\/\/ugard.org.tr\/index.php\/wp-json\/wp\/v2\/posts\/726","targetHints":{"allow":["GET"]}}],"collection":[{"href":"https:\/\/ugard.org.tr\/index.php\/wp-json\/wp\/v2\/posts"}],"about":[{"href":"https:\/\/ugard.org.tr\/index.php\/wp-json\/wp\/v2\/types\/post"}],"author":[{"embeddable":true,"href":"https:\/\/ugard.org.tr\/index.php\/wp-json\/wp\/v2\/users\/1"}],"replies":[{"embeddable":true,"href":"https:\/\/ugard.org.tr\/index.php\/wp-json\/wp\/v2\/comments?post=726"}],"version-history":[{"count":0,"href":"https:\/\/ugard.org.tr\/index.php\/wp-json\/wp\/v2\/posts\/726\/revisions"}],"wp:featuredmedia":[{"embeddable":true,"href":"https:\/\/ugard.org.tr\/index.php\/wp-json\/wp\/v2\/media\/730"}],"wp:attachment":[{"href":"https:\/\/ugard.org.tr\/index.php\/wp-json\/wp\/v2\/media?parent=726"}],"wp:term":[{"taxonomy":"category","embeddable":true,"href":"https:\/\/ugard.org.tr\/index.php\/wp-json\/wp\/v2\/categories?post=726"},{"taxonomy":"post_tag","embeddable":true,"href":"https:\/\/ugard.org.tr\/index.php\/wp-json\/wp\/v2\/tags?post=726"}],"curies":[{"name":"wp","href":"https:\/\/api.w.org\/{rel}","templated":true}]}}