{"id":754,"date":"2024-11-06T14:27:37","date_gmt":"2024-11-06T14:27:37","guid":{"rendered":"https:\/\/ugard.org\/?p=754"},"modified":"2024-11-06T14:27:37","modified_gmt":"2024-11-06T14:27:37","slug":"breaking-silence-inspiring-change-empowering-youth-with-human-rights-projemizi-gerceklestirdik","status":"publish","type":"post","link":"https:\/\/ugard.org.tr\/index.php\/2024\/11\/06\/breaking-silence-inspiring-change-empowering-youth-with-human-rights-projemizi-gerceklestirdik\/","title":{"rendered":"&#8220;Breaking Silence, Inspiring Change: Empowering Youth With Human Rights\u201d projemizi ger\u00e7ekle\u015ftirdik."},"content":{"rendered":"\n<p>\u201cBreaking Silence, Inspiring Change: Empowering Youth With Human Rights\u201d projemiz, Almanya\u2019da bulunan East West East Derne\u011fi\u2019nin ev sahipli\u011finde, Avusturya\u2019dan Moveo International ve T\u00fcrkiye\u2019den Uluslararas\u0131 Gen\u00e7 Aray\u0131\u015f Derne\u011fi (UGARD) ortakl\u0131\u011f\u0131yla ger\u00e7ekle\u015ftirildi.<br>Almanya Hagen\u2019de 15-23 Ekim 2024 tarihleri aras\u0131nda ana toplant\u0131 yap\u0131ld\u0131. Projede, gen\u00e7lerin insan haklar\u0131 konusunda fark\u0131ndal\u0131klar\u0131n\u0131 art\u0131rmak ve ayr\u0131mc\u0131l\u0131\u011fa kar\u015f\u0131 savunuculuk yapmalar\u0131n\u0131 sa\u011flamak gibi konular anlat\u0131ld\u0131. Ayr\u0131ca bu proje, dayan\u0131\u015fmay\u0131 g\u00fc\u00e7lendirerek marjinalize edilmi\u015f gen\u00e7lere seslerini duyuracak platformlar sundu, insan haklar\u0131 savunuculu\u011funda i\u015f birlikleri ve s\u00fcrd\u00fcr\u00fclebilir a\u011flar olu\u015fturmay\u0131 hedefledi.<\/p>\n","protected":false},"excerpt":{"rendered":"<p>\u201cBreaking Silence, Inspiring Change: Empowering Youth With Human Rights\u201d projemiz, Almanya\u2019da bulunan East West East Derne\u011fi\u2019nin ev sahipli\u011finde, Avusturya\u2019dan Moveo International ve T\u00fcrkiye\u2019den Uluslararas\u0131 Gen\u00e7 Aray\u0131\u015f Derne\u011fi (UGARD) ortakl\u0131\u011f\u0131yla ger\u00e7ekle\u015ftirildi.Almanya Hagen\u2019de 15-23 Ekim 2024 tarihleri aras\u0131nda ana toplant\u0131 yap\u0131ld\u0131. Projede, gen\u00e7lerin insan haklar\u0131 konusunda fark\u0131ndal\u0131klar\u0131n\u0131 art\u0131rmak ve ayr\u0131mc\u0131l\u0131\u011fa kar\u015f\u0131 savunuculuk yapmalar\u0131n\u0131 sa\u011flamak gibi konular anlat\u0131ld\u0131. [&hellip;]<\/p>\n","protected":false},"author":1,"featured_media":756,"comment_status":"closed","ping_status":"open","sticky":false,"template":"","format":"standard","meta":{"footnotes":""},"categories":[10,9],"tags":[31,7,18,6,42,17],"class_list":["post-754","post","type-post","status-publish","format-standard","has-post-thumbnail","hentry","category-duyuru","category-haberler","tag-erasmus","tag-genclik","tag-gonullu","tag-platform","tag-sivil-toplum","tag-uye"],"_links":{"self":[{"href":"https:\/\/ugard.org.tr\/index.php\/wp-json\/wp\/v2\/posts\/754","targetHints":{"allow":["GET"]}}],"collection":[{"href":"https:\/\/ugard.org.tr\/index.php\/wp-json\/wp\/v2\/posts"}],"about":[{"href":"https:\/\/ugard.org.tr\/index.php\/wp-json\/wp\/v2\/types\/post"}],"author":[{"embeddable":true,"href":"https:\/\/ugard.org.tr\/index.php\/wp-json\/wp\/v2\/users\/1"}],"replies":[{"embeddable":true,"href":"https:\/\/ugard.org.tr\/index.php\/wp-json\/wp\/v2\/comments?post=754"}],"version-history":[{"count":0,"href":"https:\/\/ugard.org.tr\/index.php\/wp-json\/wp\/v2\/posts\/754\/revisions"}],"wp:featuredmedia":[{"embeddable":true,"href":"https:\/\/ugard.org.tr\/index.php\/wp-json\/wp\/v2\/media\/756"}],"wp:attachment":[{"href":"https:\/\/ugard.org.tr\/index.php\/wp-json\/wp\/v2\/media?parent=754"}],"wp:term":[{"taxonomy":"category","embeddable":true,"href":"https:\/\/ugard.org.tr\/index.php\/wp-json\/wp\/v2\/categories?post=754"},{"taxonomy":"post_tag","embeddable":true,"href":"https:\/\/ugard.org.tr\/index.php\/wp-json\/wp\/v2\/tags?post=754"}],"curies":[{"name":"wp","href":"https:\/\/api.w.org\/{rel}","templated":true}]}}