{"id":784,"date":"2024-12-18T19:44:46","date_gmt":"2024-12-18T19:44:46","guid":{"rendered":"https:\/\/ugard.org\/?p=784"},"modified":"2024-12-18T19:44:47","modified_gmt":"2024-12-18T19:44:47","slug":"huriye-suer-anadolu-lisesi-bulusmasi-gerceklestirildi","status":"publish","type":"post","link":"https:\/\/ugard.org.tr\/index.php\/2024\/12\/18\/huriye-suer-anadolu-lisesi-bulusmasi-gerceklestirildi\/","title":{"rendered":"Huriye S\u00fcer Anadolu Lisesi Bulu\u015fmas\u0131 Ger\u00e7ekle\u015ftirildi!"},"content":{"rendered":"\n<p>10.12.2024 tarihinde Huriye S\u00fcer Anadolu Lisesi 9. s\u0131n\u0131f \u00f6\u011frencilerinin fark\u0131ndal\u0131\u011f\u0131n\u0131 art\u0131rmaya y\u00f6nelik \u201cEngellilik ve Engellilikte Yakla\u015f\u0131m\u201d konusunda e\u011fitim verildi.<\/p>\n\n\n\n<p>E\u011fitim alan\u0131nda engelli\u011fe nas\u0131l bakmal\u0131y\u0131z? Toplum engellili\u011fe nas\u0131l bak\u0131yor? Engelli deyince akl\u0131m\u0131za neler geliyor? gibi sorular \u00fczerine s\u00f6yle\u015fi ger\u00e7ekle\u015ftirildi.<\/p>\n","protected":false},"excerpt":{"rendered":"<p>10.12.2024 tarihinde Huriye S\u00fcer Anadolu Lisesi 9. s\u0131n\u0131f \u00f6\u011frencilerinin fark\u0131ndal\u0131\u011f\u0131n\u0131 art\u0131rmaya y\u00f6nelik \u201cEngellilik ve Engellilikte Yakla\u015f\u0131m\u201d konusunda e\u011fitim verildi. E\u011fitim alan\u0131nda engelli\u011fe nas\u0131l bakmal\u0131y\u0131z? Toplum engellili\u011fe nas\u0131l bak\u0131yor? Engelli deyince akl\u0131m\u0131za neler geliyor? gibi sorular \u00fczerine s\u00f6yle\u015fi ger\u00e7ekle\u015ftirildi.<\/p>\n","protected":false},"author":1,"featured_media":785,"comment_status":"closed","ping_status":"open","sticky":false,"template":"","format":"standard","meta":{"footnotes":""},"categories":[10,9],"tags":[5,7,18,8,42,17],"class_list":["post-784","post","type-post","status-publish","format-standard","has-post-thumbnail","hentry","category-duyuru","category-haberler","tag-engelli-haklari","tag-genclik","tag-gonullu","tag-savunuculuk","tag-sivil-toplum","tag-uye"],"_links":{"self":[{"href":"https:\/\/ugard.org.tr\/index.php\/wp-json\/wp\/v2\/posts\/784","targetHints":{"allow":["GET"]}}],"collection":[{"href":"https:\/\/ugard.org.tr\/index.php\/wp-json\/wp\/v2\/posts"}],"about":[{"href":"https:\/\/ugard.org.tr\/index.php\/wp-json\/wp\/v2\/types\/post"}],"author":[{"embeddable":true,"href":"https:\/\/ugard.org.tr\/index.php\/wp-json\/wp\/v2\/users\/1"}],"replies":[{"embeddable":true,"href":"https:\/\/ugard.org.tr\/index.php\/wp-json\/wp\/v2\/comments?post=784"}],"version-history":[{"count":0,"href":"https:\/\/ugard.org.tr\/index.php\/wp-json\/wp\/v2\/posts\/784\/revisions"}],"wp:featuredmedia":[{"embeddable":true,"href":"https:\/\/ugard.org.tr\/index.php\/wp-json\/wp\/v2\/media\/785"}],"wp:attachment":[{"href":"https:\/\/ugard.org.tr\/index.php\/wp-json\/wp\/v2\/media?parent=784"}],"wp:term":[{"taxonomy":"category","embeddable":true,"href":"https:\/\/ugard.org.tr\/index.php\/wp-json\/wp\/v2\/categories?post=784"},{"taxonomy":"post_tag","embeddable":true,"href":"https:\/\/ugard.org.tr\/index.php\/wp-json\/wp\/v2\/tags?post=784"}],"curies":[{"name":"wp","href":"https:\/\/api.w.org\/{rel}","templated":true}]}}