{"id":787,"date":"2024-12-18T20:00:58","date_gmt":"2024-12-18T20:00:58","guid":{"rendered":"https:\/\/ugard.org\/?p=787"},"modified":"2024-12-18T20:00:59","modified_gmt":"2024-12-18T20:00:59","slug":"yerel-savunuculuk-akademisi-savunuculuk-adimlari-egitimini-gerceklestirdi","status":"publish","type":"post","link":"https:\/\/ugard.org.tr\/index.php\/2024\/12\/18\/yerel-savunuculuk-akademisi-savunuculuk-adimlari-egitimini-gerceklestirdi\/","title":{"rendered":"Yerel Savunuculuk Akademisi Savunuculuk Ad\u0131mlar\u0131 E\u011fitimi&#8217;ni ger\u00e7ekle\u015ftirdi!"},"content":{"rendered":"\n<p>Sabanc\u0131 Vakf\u0131 taraf\u0131ndan desteklenen Uluslararas\u0131 Gen\u00e7 Aray\u0131\u015f Derne\u011fi\u2019nin ba\u015fvuru sahibi oldu\u011fu T\u00fcrkiye Gen\u00e7lik Birli\u011fi Derne\u011fi ve E\u011fitimde G\u00f6rme Engelliler Derne\u011fi ortakl\u0131\u011f\u0131nda y\u00fcr\u00fct\u00fclen Yerel Savunuculuk Akademisi projesinin 13-15 Aral\u0131k tarihleri aras\u0131nda ger\u00e7ekle\u015ftirilen Savunuculuk Ad\u0131mlar\u0131 e\u011fitiminin ilk g\u00fcn\u00fcnde savunuculuk y\u00f6ntemlerinin ad\u0131mlar\u0131, savunuculukta idari giri\u015fim ve at\u00f6lye grup \u00e7al\u0131\u015fmalar\u0131 oturumlar\u0131yla tamamland\u0131<\/p>\n\n\n\n<p>Savunuculuk ad\u0131mlar\u0131 e\u011fitiminin ikinci g\u00fcn\u00fcnde sosyal medyada savunuculuk ve yapay zeka i\u00e7eri\u011fini\u00a0\u00d6zg\u00fcr Mehmet K\u00dcTK\u00dcT\u00a0ile, savunuculukta uluslararas\u0131 mekanizmalar ve s\u00f6zle\u015fmeler i\u00e7eri\u011fini\u00a0\u0130di Seda AK, savunuculukta izleme ve lobi \u00e7al\u0131\u015fmalar\u0131 i\u00e7eri\u011fini ise S\u00fcleyman AKBULUT\u00a0ile i\u015fledik.\u00a0<\/p>\n\n\n\n<p>Savunuculuk ad\u0131mlar\u0131 e\u011fitiminin \u00fc\u00e7\u00fcnc\u00fc g\u00fcn\u00fcnde sosyal medyan\u0131n do\u011fru kullan\u0131m\u0131, sosyal medyada savunuculuk \u00e7al\u0131\u015fmalar\u0131 ve iyi uygulamalar i\u00e7eri\u011fini\u00a0\u00a0\u00d6zg\u00fcr Mehmet K\u00dcTK\u00dcT ile i\u015fledik. <\/p>\n\n\n\n<p>T\u00fcm e\u011fitim boyunca Gen\u00e7lik \u00c7al\u0131\u015fan\u0131 Elif Cemile Serbest bizlere e\u015flik ederek grup dinami\u011fini geli\u015ftirici etkinlikler yapt\u0131rd\u0131. Bunun yan\u0131nda Berkay \u00d6mer \u00dcNAL, Ay\u015fe Beg\u00fcm BA\u015eBOZKURT ve Elif KA\u0130N mentorlar\u0131m\u0131z bizlere e\u015flik etti. E\u011fitimlerde \u00f6\u011frendi\u011fimiz bilgilerle saha \u00e7al\u0131\u015fmalar\u0131m\u0131zda daha g\u00fc\u00e7l\u00fc olaca\u011f\u0131z.<\/p>\n\n\n\n<figure class=\"wp-block-image size-large\"><img loading=\"lazy\" decoding=\"async\" width=\"768\" height=\"1024\" src=\"https:\/\/ugard.org\/wp-content\/uploads\/2024\/12\/photo_2024-12-18_22-48-09-768x1024.jpg\" alt=\"Mavi k\u0131yafetli bir kad\u0131n yerel savunuculuk akademisi yazan bir pankart\u0131n \u00f6n\u00fcnde ayakta duruyor. \" class=\"wp-image-794\" srcset=\"https:\/\/ugard.org.tr\/wp-content\/uploads\/2024\/12\/photo_2024-12-18_22-48-09-768x1024.jpg 768w, https:\/\/ugard.org.tr\/wp-content\/uploads\/2024\/12\/photo_2024-12-18_22-48-09-225x300.jpg 225w, https:\/\/ugard.org.tr\/wp-content\/uploads\/2024\/12\/photo_2024-12-18_22-48-09.jpg 960w\" sizes=\"auto, (max-width: 768px) 100vw, 768px\" \/><\/figure>\n\n\n\n<figure class=\"wp-block-image size-large\"><img loading=\"lazy\" decoding=\"async\" width=\"1024\" height=\"890\" src=\"https:\/\/ugard.org\/wp-content\/uploads\/2024\/12\/photo_2024-12-18_22-48-10-1024x890.jpg\" alt=\"2 tane tekerlekli sandalye kullanan erkek birey ayn\u0131 y\u00f6ne bak\u0131yorlar\" class=\"wp-image-793\" srcset=\"https:\/\/ugard.org.tr\/wp-content\/uploads\/2024\/12\/photo_2024-12-18_22-48-10-1024x890.jpg 1024w, https:\/\/ugard.org.tr\/wp-content\/uploads\/2024\/12\/photo_2024-12-18_22-48-10-300x261.jpg 300w, https:\/\/ugard.org.tr\/wp-content\/uploads\/2024\/12\/photo_2024-12-18_22-48-10-768x668.jpg 768w, https:\/\/ugard.org.tr\/wp-content\/uploads\/2024\/12\/photo_2024-12-18_22-48-10.jpg 1280w\" sizes=\"auto, (max-width: 1024px) 100vw, 1024px\" \/><\/figure>\n\n\n\n<figure class=\"wp-block-image size-large\"><img loading=\"lazy\" decoding=\"async\" width=\"1024\" height=\"768\" src=\"https:\/\/ugard.org\/wp-content\/uploads\/2024\/12\/photo_2024-12-18_22-48-12-1024x768.jpg\" alt=\"erkek ve kad\u0131nlar ayakta poz veriyor\" class=\"wp-image-791\" srcset=\"https:\/\/ugard.org.tr\/wp-content\/uploads\/2024\/12\/photo_2024-12-18_22-48-12-1024x768.jpg 1024w, https:\/\/ugard.org.tr\/wp-content\/uploads\/2024\/12\/photo_2024-12-18_22-48-12-300x225.jpg 300w, https:\/\/ugard.org.tr\/wp-content\/uploads\/2024\/12\/photo_2024-12-18_22-48-12-768x576.jpg 768w, https:\/\/ugard.org.tr\/wp-content\/uploads\/2024\/12\/photo_2024-12-18_22-48-12.jpg 1280w\" sizes=\"auto, (max-width: 1024px) 100vw, 1024px\" \/><\/figure>\n\n\n\n<figure class=\"wp-block-image size-large\"><img loading=\"lazy\" decoding=\"async\" width=\"1024\" height=\"768\" src=\"https:\/\/ugard.org\/wp-content\/uploads\/2024\/12\/photo_2024-12-18_22-48-13-1024x768.jpg\" alt=\"bir tekerlekli sandalye kullan\u0131c\u0131 ve ayakta duran 6 ki\u015fi var toplamda 3 kad\u0131n 3 erkek var. sunum yap\u0131yorlar\" class=\"wp-image-790\" srcset=\"https:\/\/ugard.org.tr\/wp-content\/uploads\/2024\/12\/photo_2024-12-18_22-48-13-1024x768.jpg 1024w, https:\/\/ugard.org.tr\/wp-content\/uploads\/2024\/12\/photo_2024-12-18_22-48-13-300x225.jpg 300w, https:\/\/ugard.org.tr\/wp-content\/uploads\/2024\/12\/photo_2024-12-18_22-48-13-768x576.jpg 768w, https:\/\/ugard.org.tr\/wp-content\/uploads\/2024\/12\/photo_2024-12-18_22-48-13.jpg 1280w\" sizes=\"auto, (max-width: 1024px) 100vw, 1024px\" \/><\/figure>\n\n\n\n<figure class=\"wp-block-image size-large\"><img loading=\"lazy\" decoding=\"async\" width=\"1024\" height=\"768\" src=\"https:\/\/ugard.org\/wp-content\/uploads\/2024\/12\/photo_2024-12-18_22-48-14-1024x768.jpg\" alt=\"\" class=\"wp-image-789\" srcset=\"https:\/\/ugard.org.tr\/wp-content\/uploads\/2024\/12\/photo_2024-12-18_22-48-14-1024x768.jpg 1024w, https:\/\/ugard.org.tr\/wp-content\/uploads\/2024\/12\/photo_2024-12-18_22-48-14-300x225.jpg 300w, https:\/\/ugard.org.tr\/wp-content\/uploads\/2024\/12\/photo_2024-12-18_22-48-14-768x576.jpg 768w, https:\/\/ugard.org.tr\/wp-content\/uploads\/2024\/12\/photo_2024-12-18_22-48-14.jpg 1280w\" sizes=\"auto, (max-width: 1024px) 100vw, 1024px\" \/><\/figure>\n\n\n\n<figure class=\"wp-block-image size-large is-style-default\"><img loading=\"lazy\" decoding=\"async\" width=\"1024\" height=\"768\" src=\"https:\/\/ugard.org\/wp-content\/uploads\/2024\/12\/photo_2024-12-18_22-48-11-1024x768.jpg\" alt=\"Erkek ve kad\u0131nlar ayakta duruyor yakla\u015f\u0131k 30 ki\u015filer. aralar\u0131nda en \u00f6nde yerel savunuculuk akademisi yazan bir pankart tutan albino ve bedensel engelli bireyler var.\" class=\"wp-image-792\" srcset=\"https:\/\/ugard.org.tr\/wp-content\/uploads\/2024\/12\/photo_2024-12-18_22-48-11-1024x768.jpg 1024w, https:\/\/ugard.org.tr\/wp-content\/uploads\/2024\/12\/photo_2024-12-18_22-48-11-300x225.jpg 300w, https:\/\/ugard.org.tr\/wp-content\/uploads\/2024\/12\/photo_2024-12-18_22-48-11-768x576.jpg 768w, https:\/\/ugard.org.tr\/wp-content\/uploads\/2024\/12\/photo_2024-12-18_22-48-11.jpg 1280w\" sizes=\"auto, (max-width: 1024px) 100vw, 1024px\" \/><\/figure>\n","protected":false},"excerpt":{"rendered":"<p>Sabanc\u0131 Vakf\u0131 taraf\u0131ndan desteklenen Uluslararas\u0131 Gen\u00e7 Aray\u0131\u015f Derne\u011fi\u2019nin ba\u015fvuru sahibi oldu\u011fu T\u00fcrkiye Gen\u00e7lik Birli\u011fi Derne\u011fi ve E\u011fitimde G\u00f6rme Engelliler Derne\u011fi ortakl\u0131\u011f\u0131nda y\u00fcr\u00fct\u00fclen Yerel Savunuculuk Akademisi projesinin 13-15 Aral\u0131k tarihleri aras\u0131nda ger\u00e7ekle\u015ftirilen Savunuculuk Ad\u0131mlar\u0131 e\u011fitiminin ilk g\u00fcn\u00fcnde savunuculuk y\u00f6ntemlerinin ad\u0131mlar\u0131, savunuculukta idari giri\u015fim ve at\u00f6lye grup \u00e7al\u0131\u015fmalar\u0131 oturumlar\u0131yla tamamland\u0131 Savunuculuk ad\u0131mlar\u0131 e\u011fitiminin ikinci g\u00fcn\u00fcnde sosyal medyada [&hellip;]<\/p>\n","protected":false},"author":1,"featured_media":792,"comment_status":"closed","ping_status":"open","sticky":false,"template":"","format":"standard","meta":{"footnotes":""},"categories":[10,9],"tags":[5,7,6,8,42,17],"class_list":["post-787","post","type-post","status-publish","format-standard","has-post-thumbnail","hentry","category-duyuru","category-haberler","tag-engelli-haklari","tag-genclik","tag-platform","tag-savunuculuk","tag-sivil-toplum","tag-uye"],"_links":{"self":[{"href":"https:\/\/ugard.org.tr\/index.php\/wp-json\/wp\/v2\/posts\/787","targetHints":{"allow":["GET"]}}],"collection":[{"href":"https:\/\/ugard.org.tr\/index.php\/wp-json\/wp\/v2\/posts"}],"about":[{"href":"https:\/\/ugard.org.tr\/index.php\/wp-json\/wp\/v2\/types\/post"}],"author":[{"embeddable":true,"href":"https:\/\/ugard.org.tr\/index.php\/wp-json\/wp\/v2\/users\/1"}],"replies":[{"embeddable":true,"href":"https:\/\/ugard.org.tr\/index.php\/wp-json\/wp\/v2\/comments?post=787"}],"version-history":[{"count":0,"href":"https:\/\/ugard.org.tr\/index.php\/wp-json\/wp\/v2\/posts\/787\/revisions"}],"wp:featuredmedia":[{"embeddable":true,"href":"https:\/\/ugard.org.tr\/index.php\/wp-json\/wp\/v2\/media\/792"}],"wp:attachment":[{"href":"https:\/\/ugard.org.tr\/index.php\/wp-json\/wp\/v2\/media?parent=787"}],"wp:term":[{"taxonomy":"category","embeddable":true,"href":"https:\/\/ugard.org.tr\/index.php\/wp-json\/wp\/v2\/categories?post=787"},{"taxonomy":"post_tag","embeddable":true,"href":"https:\/\/ugard.org.tr\/index.php\/wp-json\/wp\/v2\/tags?post=787"}],"curies":[{"name":"wp","href":"https:\/\/api.w.org\/{rel}","templated":true}]}}