{"id":802,"date":"2024-12-19T17:36:40","date_gmt":"2024-12-19T17:36:40","guid":{"rendered":"https:\/\/ugard.org\/?p=802"},"modified":"2024-12-19T17:36:41","modified_gmt":"2024-12-19T17:36:41","slug":"kalite-sertifikasi-egitimine-katildik","status":"publish","type":"post","link":"https:\/\/ugard.org.tr\/index.php\/2024\/12\/19\/kalite-sertifikasi-egitimine-katildik\/","title":{"rendered":"Kalite Sertifikas\u0131 E\u011fitimine kat\u0131ld\u0131k!"},"content":{"rendered":"\n<p>Derne\u011fimiz, T\u00fcrkiye Ulusal Ajans\u0131 taraf\u0131ndan \u015eanl\u0131urfa\u2019da d\u00fczenlenen Avrupa Dayan\u0131\u015fma Program\u0131 \u00e7er\u00e7evesinde Kalite Sertifikas\u0131 E\u011fitimine kat\u0131ld\u0131! 17-20 Aral\u0131k tarihleri aras\u0131nda ger\u00e7ekle\u015ftirilen bu e\u011fitime, Avrupa Dayan\u0131\u015fma Kalite Etiketi\u2019ne sahip bir kurulu\u015f olarak kat\u0131l\u0131m sa\u011flad\u0131k.<\/p>\n\n\n\n<p>Bu s\u00fcre\u00e7, g\u00f6n\u00fcll\u00fclerimizi Avrupa\u2019ya g\u00f6ndermek i\u00e7in att\u0131\u011f\u0131m\u0131z \u00f6nemli bir ad\u0131m oldu. \u00c7ok yak\u0131nda g\u00f6n\u00fcll\u00fclerimizle birlikte uluslararas\u0131 dayan\u0131\u015fma ve i\u015f birli\u011fini g\u00fc\u00e7lendirmek i\u00e7in \u00e7al\u0131\u015fmalar\u0131m\u0131za ba\u015fl\u0131yoruz!\u00a0<\/p>\n\n\n\n<p><a href=\"https:\/\/www.instagram.com\/explore\/tags\/esc\/\">#esc<\/a><a href=\"https:\/\/www.instagram.com\/explore\/tags\/avrupadayan%C4%B1%C5%9Fmaprogram%C4%B1\/\">#avrupadayan\u0131\u015fmaprogram\u0131<\/a><a href=\"https:\/\/www.instagram.com\/explore\/tags\/kalitesertifikas%C4%B1\/\">#kalitesertifikas\u0131<\/a><\/p>\n\n\n\n<figure class=\"wp-block-gallery has-nested-images columns-default is-cropped wp-block-gallery-1 is-layout-flex wp-block-gallery-is-layout-flex\">\n<figure class=\"wp-block-image size-large\"><img loading=\"lazy\" decoding=\"async\" width=\"1024\" height=\"1024\" data-id=\"803\" src=\"https:\/\/ugard.org\/wp-content\/uploads\/2024\/12\/photo_2024-12-19_20-35-02-1024x1024.jpg\" alt=\"\" class=\"wp-image-803\" srcset=\"https:\/\/ugard.org.tr\/wp-content\/uploads\/2024\/12\/photo_2024-12-19_20-35-02-1024x1024.jpg 1024w, https:\/\/ugard.org.tr\/wp-content\/uploads\/2024\/12\/photo_2024-12-19_20-35-02-300x300.jpg 300w, https:\/\/ugard.org.tr\/wp-content\/uploads\/2024\/12\/photo_2024-12-19_20-35-02-150x150.jpg 150w, https:\/\/ugard.org.tr\/wp-content\/uploads\/2024\/12\/photo_2024-12-19_20-35-02-768x768.jpg 768w, https:\/\/ugard.org.tr\/wp-content\/uploads\/2024\/12\/photo_2024-12-19_20-35-02.jpg 1080w\" sizes=\"auto, (max-width: 1024px) 100vw, 1024px\" \/><\/figure>\n\n\n\n<figure class=\"wp-block-image size-large\"><img loading=\"lazy\" decoding=\"async\" width=\"768\" height=\"1024\" data-id=\"804\" src=\"https:\/\/ugard.org\/wp-content\/uploads\/2024\/12\/photo_2024-12-19_20-35-03-768x1024.jpg\" alt=\"\" class=\"wp-image-804\" srcset=\"https:\/\/ugard.org.tr\/wp-content\/uploads\/2024\/12\/photo_2024-12-19_20-35-03-768x1024.jpg 768w, https:\/\/ugard.org.tr\/wp-content\/uploads\/2024\/12\/photo_2024-12-19_20-35-03-225x300.jpg 225w, https:\/\/ugard.org.tr\/wp-content\/uploads\/2024\/12\/photo_2024-12-19_20-35-03.jpg 960w\" sizes=\"auto, (max-width: 768px) 100vw, 768px\" \/><\/figure>\n<\/figure>\n","protected":false},"excerpt":{"rendered":"<p>Derne\u011fimiz, T\u00fcrkiye Ulusal Ajans\u0131 taraf\u0131ndan \u015eanl\u0131urfa\u2019da d\u00fczenlenen Avrupa Dayan\u0131\u015fma Program\u0131 \u00e7er\u00e7evesinde Kalite Sertifikas\u0131 E\u011fitimine kat\u0131ld\u0131! 17-20 Aral\u0131k tarihleri aras\u0131nda ger\u00e7ekle\u015ftirilen bu e\u011fitime, Avrupa Dayan\u0131\u015fma Kalite Etiketi\u2019ne sahip bir kurulu\u015f olarak kat\u0131l\u0131m sa\u011flad\u0131k. Bu s\u00fcre\u00e7, g\u00f6n\u00fcll\u00fclerimizi Avrupa\u2019ya g\u00f6ndermek i\u00e7in att\u0131\u011f\u0131m\u0131z \u00f6nemli bir ad\u0131m oldu. \u00c7ok yak\u0131nda g\u00f6n\u00fcll\u00fclerimizle birlikte uluslararas\u0131 dayan\u0131\u015fma ve i\u015f birli\u011fini g\u00fc\u00e7lendirmek i\u00e7in \u00e7al\u0131\u015fmalar\u0131m\u0131za [&hellip;]<\/p>\n","protected":false},"author":1,"featured_media":804,"comment_status":"closed","ping_status":"open","sticky":false,"template":"","format":"standard","meta":{"footnotes":""},"categories":[10,9],"tags":[208,5,29,18,23,210,6,42],"class_list":["post-802","post","type-post","status-publish","format-standard","has-post-thumbnail","hentry","category-duyuru","category-haberler","tag-avrupadayanisma","tag-engelli-haklari","tag-esc","tag-gonullu","tag-gonulluluk","tag-kalitesertifikasi","tag-platform","tag-sivil-toplum"],"_links":{"self":[{"href":"https:\/\/ugard.org.tr\/index.php\/wp-json\/wp\/v2\/posts\/802","targetHints":{"allow":["GET"]}}],"collection":[{"href":"https:\/\/ugard.org.tr\/index.php\/wp-json\/wp\/v2\/posts"}],"about":[{"href":"https:\/\/ugard.org.tr\/index.php\/wp-json\/wp\/v2\/types\/post"}],"author":[{"embeddable":true,"href":"https:\/\/ugard.org.tr\/index.php\/wp-json\/wp\/v2\/users\/1"}],"replies":[{"embeddable":true,"href":"https:\/\/ugard.org.tr\/index.php\/wp-json\/wp\/v2\/comments?post=802"}],"version-history":[{"count":0,"href":"https:\/\/ugard.org.tr\/index.php\/wp-json\/wp\/v2\/posts\/802\/revisions"}],"wp:featuredmedia":[{"embeddable":true,"href":"https:\/\/ugard.org.tr\/index.php\/wp-json\/wp\/v2\/media\/804"}],"wp:attachment":[{"href":"https:\/\/ugard.org.tr\/index.php\/wp-json\/wp\/v2\/media?parent=802"}],"wp:term":[{"taxonomy":"category","embeddable":true,"href":"https:\/\/ugard.org.tr\/index.php\/wp-json\/wp\/v2\/categories?post=802"},{"taxonomy":"post_tag","embeddable":true,"href":"https:\/\/ugard.org.tr\/index.php\/wp-json\/wp\/v2\/tags?post=802"}],"curies":[{"name":"wp","href":"https:\/\/api.w.org\/{rel}","templated":true}]}}