{"id":809,"date":"2025-01-21T14:08:19","date_gmt":"2025-01-21T14:08:19","guid":{"rendered":"https:\/\/ugard.org\/?p=809"},"modified":"2025-01-21T14:08:21","modified_gmt":"2025-01-21T14:08:21","slug":"afetler-ayrim-yapmaz-projesi-kabul-edildi","status":"publish","type":"post","link":"https:\/\/ugard.org.tr\/index.php\/2025\/01\/21\/afetler-ayrim-yapmaz-projesi-kabul-edildi\/","title":{"rendered":"&#8220;Afetler Ayr\u0131m Yapmaz&#8221; projesi kabul edildi!"},"content":{"rendered":"\n<p>\ud83c\udf0d Uluslararas\u0131 Gen\u00e7 Aray\u0131\u015f Derne\u011fi olarak, yerelde de etkili \u00e7al\u0131\u015fmalar\u0131m\u0131za devam ediyoruz! <\/p>\n\n\n\n<p>\ud83d\udce3 Gen\u00e7lik ve Spor Bakanl\u0131\u011f\u0131 Gen\u00e7lik Hizmetleri Genel M\u00fcd\u00fcrl\u00fc\u011f\u00fc\u2019n\u00fcn \u00dcN\u0130DES projeleri kapsam\u0131nda, Ondokuz May\u0131s \u00dcniversitesi Etik ve Sosyal Hizmet Toplulu\u011fu taraf\u0131ndan ba\u015fvurusu yap\u0131lan ve payda\u015f olarak yer ald\u0131\u011f\u0131m\u0131z \u201dAfetler Ayr\u0131m Yapmaz\u201dprojesi kabul edildi! <\/p>\n\n\n\n<p>Bu proje ile afetlerde dezavantajl\u0131 bireylerin kar\u015f\u0131la\u015ft\u0131\u011f\u0131 sorunlara dikkat \u00e7ekmek ve \u00e7\u00f6z\u00fcm \u00fcretmek amac\u0131yla \u00e7e\u015fitli etkinlikler ger\u00e7ekle\u015ftirece\u011fiz. \ud83d\udca1<\/p>\n\n\n\n<p>\ud83d\udcad Hep birlikte fark\u0131ndal\u0131k olu\u015fturmak ve daha kapsay\u0131c\u0131 bir toplum i\u00e7in ad\u0131m atmak bizim elimizde. <\/p>\n\n\n\n<p>\ud83d\udccc Detaylar ve etkinlikler i\u00e7in bizi takip etmeye devam edin! <\/p>\n\n\n\n<p><\/p>\n","protected":false},"excerpt":{"rendered":"<p>\ud83c\udf0d Uluslararas\u0131 Gen\u00e7 Aray\u0131\u015f Derne\u011fi olarak, yerelde de etkili \u00e7al\u0131\u015fmalar\u0131m\u0131za devam ediyoruz! \ud83d\udce3 Gen\u00e7lik ve Spor Bakanl\u0131\u011f\u0131 Gen\u00e7lik Hizmetleri Genel M\u00fcd\u00fcrl\u00fc\u011f\u00fc\u2019n\u00fcn \u00dcN\u0130DES projeleri kapsam\u0131nda, Ondokuz May\u0131s \u00dcniversitesi Etik ve Sosyal Hizmet Toplulu\u011fu taraf\u0131ndan ba\u015fvurusu yap\u0131lan ve payda\u015f olarak yer ald\u0131\u011f\u0131m\u0131z \u201dAfetler Ayr\u0131m Yapmaz\u201dprojesi kabul edildi! Bu proje ile afetlerde dezavantajl\u0131 bireylerin kar\u015f\u0131la\u015ft\u0131\u011f\u0131 sorunlara dikkat \u00e7ekmek [&hellip;]<\/p>\n","protected":false},"author":1,"featured_media":810,"comment_status":"closed","ping_status":"open","sticky":false,"template":"","format":"standard","meta":{"footnotes":""},"categories":[10,9],"tags":[7,212,18,6,8,42,17],"class_list":["post-809","post","type-post","status-publish","format-standard","has-post-thumbnail","hentry","category-duyuru","category-haberler","tag-genclik","tag-genclikvespor","tag-gonullu","tag-platform","tag-savunuculuk","tag-sivil-toplum","tag-uye"],"_links":{"self":[{"href":"https:\/\/ugard.org.tr\/index.php\/wp-json\/wp\/v2\/posts\/809","targetHints":{"allow":["GET"]}}],"collection":[{"href":"https:\/\/ugard.org.tr\/index.php\/wp-json\/wp\/v2\/posts"}],"about":[{"href":"https:\/\/ugard.org.tr\/index.php\/wp-json\/wp\/v2\/types\/post"}],"author":[{"embeddable":true,"href":"https:\/\/ugard.org.tr\/index.php\/wp-json\/wp\/v2\/users\/1"}],"replies":[{"embeddable":true,"href":"https:\/\/ugard.org.tr\/index.php\/wp-json\/wp\/v2\/comments?post=809"}],"version-history":[{"count":0,"href":"https:\/\/ugard.org.tr\/index.php\/wp-json\/wp\/v2\/posts\/809\/revisions"}],"wp:featuredmedia":[{"embeddable":true,"href":"https:\/\/ugard.org.tr\/index.php\/wp-json\/wp\/v2\/media\/810"}],"wp:attachment":[{"href":"https:\/\/ugard.org.tr\/index.php\/wp-json\/wp\/v2\/media?parent=809"}],"wp:term":[{"taxonomy":"category","embeddable":true,"href":"https:\/\/ugard.org.tr\/index.php\/wp-json\/wp\/v2\/categories?post=809"},{"taxonomy":"post_tag","embeddable":true,"href":"https:\/\/ugard.org.tr\/index.php\/wp-json\/wp\/v2\/tags?post=809"}],"curies":[{"name":"wp","href":"https:\/\/api.w.org\/{rel}","templated":true}]}}