{"id":818,"date":"2025-02-04T09:08:08","date_gmt":"2025-02-04T09:08:08","guid":{"rendered":"https:\/\/ugard.org\/?p=818"},"modified":"2025-02-04T09:08:09","modified_gmt":"2025-02-04T09:08:09","slug":"erisilebilir-seyahat-icin-ipuclari-projemiz-desteklenmeye-hak-kazandi","status":"publish","type":"post","link":"https:\/\/ugard.org.tr\/index.php\/2025\/02\/04\/erisilebilir-seyahat-icin-ipuclari-projemiz-desteklenmeye-hak-kazandi\/","title":{"rendered":"&#8220;Eri\u015filebilir Seyahat \u0130\u00e7in \u0130pu\u00e7lar\u0131&#8221; Projemiz Desteklenmeye Hak Kazand\u0131!"},"content":{"rendered":"\n<p>&#8220;Eri\u015filebilir Seyahat \u0130\u00e7in \u0130pu\u00e7lar\u0131&#8221; Projemiz Desteklenmeye Hak Kazand\u0131!<\/p>\n\n\n\n<p>Uluslararas\u0131 Gen\u00e7 Aray\u0131\u015f Derne\u011fi olarak b\u00fcy\u00fck bir gurur ve heyecanla duyuruyoruz: T\u00fcrkiye Ulusal Ajans\u0131 taraf\u0131ndan desteklenen DiscoverEU KA155 program\u0131 kapsam\u0131nda &#8220;Eri\u015filebilir Seyahat \u0130\u00e7in \u0130pu\u00e7lar\u0131&#8221; projemiz kabul edildi! \ud83c\udf89<\/p>\n\n\n\n<p>Bu proje ile amac\u0131m\u0131z, gen\u00e7lerin seyahat ederken kar\u015f\u0131la\u015ft\u0131klar\u0131 eri\u015filebilirlik engellerini en aza indirmek, herkes i\u00e7in daha kapsay\u0131c\u0131 bir yolculuk deneyimi sunmak ve bilin\u00e7lendirme \u00e7al\u0131\u015fmalar\u0131 yapmakt\u0131r<strong>.<\/strong> \ud83d\ude86\ud83c\udf0d<\/p>\n\n\n\n<p>\ud83d\udccc Peki, bizi neler bekliyor?<br>\u2705 Eri\u015filebilir seyahat konusunda fark\u0131ndal\u0131k art\u0131r\u0131c\u0131 e\u011fitimler ve at\u00f6lyeler<br>\u2705 Gen\u00e7 gezginler i\u00e7in pratik ipu\u00e7lar\u0131 ve rehberler<br>\u2705 E\u015fit ve engelsiz bir ke\u015fif deneyimi i\u00e7in yenilik\u00e7i \u00e7\u00f6z\u00fcmler<\/p>\n\n\n\n<p>Bu yolculukta bizimle birlikte olmak i\u00e7in bizi takip etmeyi unutmay\u0131n! \ud83d\ude80<\/p>\n\n\n\n<figure class=\"wp-block-image size-large\"><img loading=\"lazy\" decoding=\"async\" width=\"1024\" height=\"674\" src=\"https:\/\/ugard.org\/wp-content\/uploads\/2025\/02\/kabuul-1024x674.png\" alt=\"\" class=\"wp-image-820\" srcset=\"https:\/\/ugard.org.tr\/wp-content\/uploads\/2025\/02\/kabuul-1024x674.png 1024w, https:\/\/ugard.org.tr\/wp-content\/uploads\/2025\/02\/kabuul-300x198.png 300w, https:\/\/ugard.org.tr\/wp-content\/uploads\/2025\/02\/kabuul-768x506.png 768w, https:\/\/ugard.org.tr\/wp-content\/uploads\/2025\/02\/kabuul.png 1122w\" sizes=\"auto, (max-width: 1024px) 100vw, 1024px\" \/><\/figure>\n","protected":false},"excerpt":{"rendered":"<p>&#8220;Eri\u015filebilir Seyahat \u0130\u00e7in \u0130pu\u00e7lar\u0131&#8221; Projemiz Desteklenmeye Hak Kazand\u0131! Uluslararas\u0131 Gen\u00e7 Aray\u0131\u015f Derne\u011fi olarak b\u00fcy\u00fck bir gurur ve heyecanla duyuruyoruz: T\u00fcrkiye Ulusal Ajans\u0131 taraf\u0131ndan desteklenen DiscoverEU KA155 program\u0131 kapsam\u0131nda &#8220;Eri\u015filebilir Seyahat \u0130\u00e7in \u0130pu\u00e7lar\u0131&#8221; projemiz kabul edildi! \ud83c\udf89 Bu proje ile amac\u0131m\u0131z, gen\u00e7lerin seyahat ederken kar\u015f\u0131la\u015ft\u0131klar\u0131 eri\u015filebilirlik engellerini en aza indirmek, herkes i\u00e7in daha kapsay\u0131c\u0131 bir yolculuk [&hellip;]<\/p>\n","protected":false},"author":1,"featured_media":819,"comment_status":"closed","ping_status":"open","sticky":false,"template":"","format":"standard","meta":{"footnotes":""},"categories":[10,9],"tags":[5,7,18,23,6,8,216,42,214,17],"class_list":["post-818","post","type-post","status-publish","format-standard","has-post-thumbnail","hentry","category-duyuru","category-haberler","tag-engelli-haklari","tag-genclik","tag-gonullu","tag-gonulluluk","tag-platform","tag-savunuculuk","tag-seyahat","tag-sivil-toplum","tag-ulusalajans","tag-uye"],"_links":{"self":[{"href":"https:\/\/ugard.org.tr\/index.php\/wp-json\/wp\/v2\/posts\/818","targetHints":{"allow":["GET"]}}],"collection":[{"href":"https:\/\/ugard.org.tr\/index.php\/wp-json\/wp\/v2\/posts"}],"about":[{"href":"https:\/\/ugard.org.tr\/index.php\/wp-json\/wp\/v2\/types\/post"}],"author":[{"embeddable":true,"href":"https:\/\/ugard.org.tr\/index.php\/wp-json\/wp\/v2\/users\/1"}],"replies":[{"embeddable":true,"href":"https:\/\/ugard.org.tr\/index.php\/wp-json\/wp\/v2\/comments?post=818"}],"version-history":[{"count":0,"href":"https:\/\/ugard.org.tr\/index.php\/wp-json\/wp\/v2\/posts\/818\/revisions"}],"wp:featuredmedia":[{"embeddable":true,"href":"https:\/\/ugard.org.tr\/index.php\/wp-json\/wp\/v2\/media\/819"}],"wp:attachment":[{"href":"https:\/\/ugard.org.tr\/index.php\/wp-json\/wp\/v2\/media?parent=818"}],"wp:term":[{"taxonomy":"category","embeddable":true,"href":"https:\/\/ugard.org.tr\/index.php\/wp-json\/wp\/v2\/categories?post=818"},{"taxonomy":"post_tag","embeddable":true,"href":"https:\/\/ugard.org.tr\/index.php\/wp-json\/wp\/v2\/tags?post=818"}],"curies":[{"name":"wp","href":"https:\/\/api.w.org\/{rel}","templated":true}]}}