{"id":899,"date":"2025-03-21T11:21:49","date_gmt":"2025-03-21T11:21:49","guid":{"rendered":"https:\/\/ugard.org\/?p=899"},"modified":"2025-03-21T11:21:50","modified_gmt":"2025-03-21T11:21:50","slug":"samsun-valisi-sayin-orhan-tavliyi-ziyaret-ettik","status":"publish","type":"post","link":"https:\/\/ugard.org.tr\/index.php\/2025\/03\/21\/samsun-valisi-sayin-orhan-tavliyi-ziyaret-ettik\/","title":{"rendered":"Samsun Valisi Say\u0131n Orhan Tavl\u0131\u2019y\u0131 ziyaret ettik."},"content":{"rendered":"\n<p>Samsun Valisi Say\u0131n Orhan Tavl\u0131\u2019y\u0131 ziyaret ettik.<br>Ziyaret kapsam\u0131nda derne\u011fimiz taraf\u0131ndan y\u00fcr\u00fct\u00fclen projeler ve faaliyetler hakk\u0131nda konu\u015ftuk. Say\u0131n Valimiz Orhan Tavl\u0131\u2019ya ve \u00d6zel Kalem M\u00fcd\u00fcr\u00fc K\u00f6knal Karabiber\u2019e ilgi ve alakalar\u0131 i\u00e7in te\u015fekk\u00fcr ederiz. #samsunvalili\u011fi #orhantavl\u0131<\/p>\n","protected":false},"excerpt":{"rendered":"<p>Samsun Valisi Say\u0131n Orhan Tavl\u0131\u2019y\u0131 ziyaret ettik.Ziyaret kapsam\u0131nda derne\u011fimiz taraf\u0131ndan y\u00fcr\u00fct\u00fclen projeler ve faaliyetler hakk\u0131nda konu\u015ftuk. Say\u0131n Valimiz Orhan Tavl\u0131\u2019ya ve \u00d6zel Kalem M\u00fcd\u00fcr\u00fc K\u00f6knal Karabiber\u2019e ilgi ve alakalar\u0131 i\u00e7in te\u015fekk\u00fcr ederiz. #samsunvalili\u011fi #orhantavl\u0131<\/p>\n","protected":false},"author":1,"featured_media":888,"comment_status":"closed","ping_status":"open","sticky":false,"template":"","format":"standard","meta":{"footnotes":""},"categories":[10,9],"tags":[5,31,18,23,8,42],"class_list":["post-899","post","type-post","status-publish","format-standard","has-post-thumbnail","hentry","category-duyuru","category-haberler","tag-engelli-haklari","tag-erasmus","tag-gonullu","tag-gonulluluk","tag-savunuculuk","tag-sivil-toplum"],"_links":{"self":[{"href":"https:\/\/ugard.org.tr\/index.php\/wp-json\/wp\/v2\/posts\/899","targetHints":{"allow":["GET"]}}],"collection":[{"href":"https:\/\/ugard.org.tr\/index.php\/wp-json\/wp\/v2\/posts"}],"about":[{"href":"https:\/\/ugard.org.tr\/index.php\/wp-json\/wp\/v2\/types\/post"}],"author":[{"embeddable":true,"href":"https:\/\/ugard.org.tr\/index.php\/wp-json\/wp\/v2\/users\/1"}],"replies":[{"embeddable":true,"href":"https:\/\/ugard.org.tr\/index.php\/wp-json\/wp\/v2\/comments?post=899"}],"version-history":[{"count":0,"href":"https:\/\/ugard.org.tr\/index.php\/wp-json\/wp\/v2\/posts\/899\/revisions"}],"wp:featuredmedia":[{"embeddable":true,"href":"https:\/\/ugard.org.tr\/index.php\/wp-json\/wp\/v2\/media\/888"}],"wp:attachment":[{"href":"https:\/\/ugard.org.tr\/index.php\/wp-json\/wp\/v2\/media?parent=899"}],"wp:term":[{"taxonomy":"category","embeddable":true,"href":"https:\/\/ugard.org.tr\/index.php\/wp-json\/wp\/v2\/categories?post=899"},{"taxonomy":"post_tag","embeddable":true,"href":"https:\/\/ugard.org.tr\/index.php\/wp-json\/wp\/v2\/tags?post=899"}],"curies":[{"name":"wp","href":"https:\/\/api.w.org\/{rel}","templated":true}]}}