{"id":901,"date":"2025-03-21T11:23:31","date_gmt":"2025-03-21T11:23:31","guid":{"rendered":"https:\/\/ugard.org\/?p=901"},"modified":"2025-03-21T11:23:32","modified_gmt":"2025-03-21T11:23:32","slug":"samsun-buyuksehir-belediyesi-sosyal-hizmetler-daire-baskani-eyup-cakiri-ziyaret-ederek-lobi-gorusmemizi-gerceklestirdik","status":"publish","type":"post","link":"https:\/\/ugard.org.tr\/index.php\/2025\/03\/21\/samsun-buyuksehir-belediyesi-sosyal-hizmetler-daire-baskani-eyup-cakiri-ziyaret-ederek-lobi-gorusmemizi-gerceklestirdik\/","title":{"rendered":"Samsun B\u00fcy\u00fck\u015fehir Belediyesi Sosyal Hizmetler Daire Ba\u015fkan\u0131 Ey\u00fcp \u00c7ak\u0131r\u2019\u0131 ziyaret ederek lobi g\u00f6r\u00fc\u015fmemizi ger\u00e7ekle\u015ftirdik."},"content":{"rendered":"\n<p>Sabanc\u0131 Vakf\u0131 taraf\u0131ndan desteklenen Yerel Savunuculuk Akademisi kapsam\u0131nda, Samsun B\u00fcy\u00fck\u015fehir Belediyesi Sosyal Hizmetler Daire Ba\u015fkan\u0131 Ey\u00fcp \u00c7ak\u0131r\u2019\u0131 ziyaret ederek lobi g\u00f6r\u00fc\u015fmemizi ger\u00e7ekle\u015ftirdik. Proje kat\u0131l\u0131mc\u0131lar\u0131m\u0131z, yapt\u0131klar\u0131 izleme \u00e7al\u0131\u015fmalar\u0131 ve g\u00f6zlemler do\u011frultusunda fikir al\u0131\u015fveri\u015finde bulundu. Ayr\u0131ca, derne\u011fimizin y\u00fcr\u00fctt\u00fc\u011f\u00fc projeler ve faaliyetler hakk\u0131nda bilgi verdik. Nazik ev sahipli\u011fi ve ilgileri i\u00e7in Sosyal Hizmetler Daire Ba\u015fkan\u0131 Ey\u00fcp \u00c7ak\u0131r ve K\u00fcbra Han\u0131m\u2019a te\u015fekk\u00fcr ederiz.<\/p>\n","protected":false},"excerpt":{"rendered":"<p>Sabanc\u0131 Vakf\u0131 taraf\u0131ndan desteklenen Yerel Savunuculuk Akademisi kapsam\u0131nda, Samsun B\u00fcy\u00fck\u015fehir Belediyesi Sosyal Hizmetler Daire Ba\u015fkan\u0131 Ey\u00fcp \u00c7ak\u0131r\u2019\u0131 ziyaret ederek lobi g\u00f6r\u00fc\u015fmemizi ger\u00e7ekle\u015ftirdik. Proje kat\u0131l\u0131mc\u0131lar\u0131m\u0131z, yapt\u0131klar\u0131 izleme \u00e7al\u0131\u015fmalar\u0131 ve g\u00f6zlemler do\u011frultusunda fikir al\u0131\u015fveri\u015finde bulundu. Ayr\u0131ca, derne\u011fimizin y\u00fcr\u00fctt\u00fc\u011f\u00fc projeler ve faaliyetler hakk\u0131nda bilgi verdik. Nazik ev sahipli\u011fi ve ilgileri i\u00e7in Sosyal Hizmetler Daire Ba\u015fkan\u0131 Ey\u00fcp \u00c7ak\u0131r ve [&hellip;]<\/p>\n","protected":false},"author":1,"featured_media":902,"comment_status":"closed","ping_status":"open","sticky":false,"template":"","format":"standard","meta":{"footnotes":""},"categories":[10,9],"tags":[5,31,7,23,42,17],"class_list":["post-901","post","type-post","status-publish","format-standard","has-post-thumbnail","hentry","category-duyuru","category-haberler","tag-engelli-haklari","tag-erasmus","tag-genclik","tag-gonulluluk","tag-sivil-toplum","tag-uye"],"_links":{"self":[{"href":"https:\/\/ugard.org.tr\/index.php\/wp-json\/wp\/v2\/posts\/901","targetHints":{"allow":["GET"]}}],"collection":[{"href":"https:\/\/ugard.org.tr\/index.php\/wp-json\/wp\/v2\/posts"}],"about":[{"href":"https:\/\/ugard.org.tr\/index.php\/wp-json\/wp\/v2\/types\/post"}],"author":[{"embeddable":true,"href":"https:\/\/ugard.org.tr\/index.php\/wp-json\/wp\/v2\/users\/1"}],"replies":[{"embeddable":true,"href":"https:\/\/ugard.org.tr\/index.php\/wp-json\/wp\/v2\/comments?post=901"}],"version-history":[{"count":0,"href":"https:\/\/ugard.org.tr\/index.php\/wp-json\/wp\/v2\/posts\/901\/revisions"}],"wp:featuredmedia":[{"embeddable":true,"href":"https:\/\/ugard.org.tr\/index.php\/wp-json\/wp\/v2\/media\/902"}],"wp:attachment":[{"href":"https:\/\/ugard.org.tr\/index.php\/wp-json\/wp\/v2\/media?parent=901"}],"wp:term":[{"taxonomy":"category","embeddable":true,"href":"https:\/\/ugard.org.tr\/index.php\/wp-json\/wp\/v2\/categories?post=901"},{"taxonomy":"post_tag","embeddable":true,"href":"https:\/\/ugard.org.tr\/index.php\/wp-json\/wp\/v2\/tags?post=901"}],"curies":[{"name":"wp","href":"https:\/\/api.w.org\/{rel}","templated":true}]}}