{"id":906,"date":"2025-03-21T13:38:51","date_gmt":"2025-03-21T13:38:51","guid":{"rendered":"https:\/\/ugard.org\/?p=906"},"modified":"2025-03-21T13:38:52","modified_gmt":"2025-03-21T13:38:52","slug":"psikolojik-danisman-dila-dilara-aytekinin-rehberliginde-oz-sefkat-konulu-bir-soylesi-gerceklestirdik","status":"publish","type":"post","link":"https:\/\/ugard.org.tr\/index.php\/2025\/03\/21\/psikolojik-danisman-dila-dilara-aytekinin-rehberliginde-oz-sefkat-konulu-bir-soylesi-gerceklestirdik\/","title":{"rendered":"Psikolojik Dan\u0131\u015fman Dila Dilara Aytekin&#8217;in rehberli\u011finde &#8220;\u00d6z \u015eefkat&#8221; konulu bir s\u00f6yle\u015fi ger\u00e7ekle\u015ftirdik!"},"content":{"rendered":"\n<p>Kar\u015f\u0131l\u0131kl\u0131 olarak daha fazla \u015fefkatli olmak, \u00f6z sevginizi ke\u015ffetmek ve i\u00e7sel huzurunuzu g\u00fc\u00e7lendirmek i\u00e7in derne\u011fimiz taraf\u0131ndan \u00d6z \u015eefkat konulu bir s\u00f6yle\u015fi d\u00fczenlendi.<\/p>\n\n\n\n<p>Psikolojik Dan\u0131\u015fman Dila Dilara Aytekin&#8217;in rehberli\u011finde ger\u00e7ekle\u015fen bu at\u00f6lyede, \u00f6z bak\u0131m\u0131n hayat\u0131m\u0131zda yaratabilece\u011fi olumlu de\u011fi\u015fimleri ke\u015ffettik. <\/p>\n\n\n\n<p>At\u00f6lyemizin moderat\u00f6rl\u00fc\u011f\u00fc ise dernek g\u00f6n\u00fcll\u00fclerimizden Dilay Bulut \u00fcstlendi.<\/p>\n","protected":false},"excerpt":{"rendered":"<p>Kar\u015f\u0131l\u0131kl\u0131 olarak daha fazla \u015fefkatli olmak, \u00f6z sevginizi ke\u015ffetmek ve i\u00e7sel huzurunuzu g\u00fc\u00e7lendirmek i\u00e7in derne\u011fimiz taraf\u0131ndan \u00d6z \u015eefkat konulu bir s\u00f6yle\u015fi d\u00fczenlendi. Psikolojik Dan\u0131\u015fman Dila Dilara Aytekin&#8217;in rehberli\u011finde ger\u00e7ekle\u015fen bu at\u00f6lyede, \u00f6z bak\u0131m\u0131n hayat\u0131m\u0131zda yaratabilece\u011fi olumlu de\u011fi\u015fimleri ke\u015ffettik. At\u00f6lyemizin moderat\u00f6rl\u00fc\u011f\u00fc ise dernek g\u00f6n\u00fcll\u00fclerimizden Dilay Bulut \u00fcstlendi.<\/p>\n","protected":false},"author":1,"featured_media":908,"comment_status":"closed","ping_status":"open","sticky":false,"template":"","format":"standard","meta":{"footnotes":""},"categories":[10,9],"tags":[5,31,23,6,42],"class_list":["post-906","post","type-post","status-publish","format-standard","has-post-thumbnail","hentry","category-duyuru","category-haberler","tag-engelli-haklari","tag-erasmus","tag-gonulluluk","tag-platform","tag-sivil-toplum"],"_links":{"self":[{"href":"https:\/\/ugard.org.tr\/index.php\/wp-json\/wp\/v2\/posts\/906","targetHints":{"allow":["GET"]}}],"collection":[{"href":"https:\/\/ugard.org.tr\/index.php\/wp-json\/wp\/v2\/posts"}],"about":[{"href":"https:\/\/ugard.org.tr\/index.php\/wp-json\/wp\/v2\/types\/post"}],"author":[{"embeddable":true,"href":"https:\/\/ugard.org.tr\/index.php\/wp-json\/wp\/v2\/users\/1"}],"replies":[{"embeddable":true,"href":"https:\/\/ugard.org.tr\/index.php\/wp-json\/wp\/v2\/comments?post=906"}],"version-history":[{"count":0,"href":"https:\/\/ugard.org.tr\/index.php\/wp-json\/wp\/v2\/posts\/906\/revisions"}],"wp:featuredmedia":[{"embeddable":true,"href":"https:\/\/ugard.org.tr\/index.php\/wp-json\/wp\/v2\/media\/908"}],"wp:attachment":[{"href":"https:\/\/ugard.org.tr\/index.php\/wp-json\/wp\/v2\/media?parent=906"}],"wp:term":[{"taxonomy":"category","embeddable":true,"href":"https:\/\/ugard.org.tr\/index.php\/wp-json\/wp\/v2\/categories?post=906"},{"taxonomy":"post_tag","embeddable":true,"href":"https:\/\/ugard.org.tr\/index.php\/wp-json\/wp\/v2\/tags?post=906"}],"curies":[{"name":"wp","href":"https:\/\/api.w.org\/{rel}","templated":true}]}}