{"id":917,"date":"2025-04-24T16:25:17","date_gmt":"2025-04-24T16:25:17","guid":{"rendered":"https:\/\/ugard.org\/?p=917"},"modified":"2025-04-24T16:25:18","modified_gmt":"2025-04-24T16:25:18","slug":"ondokuz-mayis-universitesi-engelli-birimi-koordinatorunu-ziyaret-ederek-lobi-gorusmesi-gerceklestirdik","status":"publish","type":"post","link":"https:\/\/ugard.org.tr\/index.php\/2025\/04\/24\/ondokuz-mayis-universitesi-engelli-birimi-koordinatorunu-ziyaret-ederek-lobi-gorusmesi-gerceklestirdik\/","title":{"rendered":"Ondokuz May\u0131s \u00dcniversitesi Engelli Birimi koordinat\u00f6r\u00fcn\u00fc ziyaret ederek lobi g\u00f6r\u00fc\u015fmesi ger\u00e7ekle\u015ftirdik."},"content":{"rendered":"\n<p>26 Mart 2025\u2019te Ondokuz May\u0131s \u00dcniversitesi PDR b\u00f6l\u00fcm\u00fc akademisyeni ve Engelli Birimi koordinat\u00f6r\u00fc Meryem Vural Han\u0131m ile \u00fcniversitedeki eri\u015filebilirlik \u00fczerine verimli bir g\u00f6r\u00fc\u015fme ger\u00e7ekle\u015ftirdik. Ya\u015fam merkezindeki k\u0131lavuz yollar\u0131n sandalyelerle kapat\u0131lmas\u0131 ve rampalardaki yap\u0131sal sorunlar ba\u015fta olmak \u00fczere, iyile\u015ftirilmesi gereken alanlar\u0131 detayl\u0131ca de\u011ferlendirdik. De\u011fi\u015fim yap\u0131lacak alanlar not al\u0131nd\u0131. K\u0131lavuz yollar\u0131n daha i\u015flevsel hale getirilmesi ad\u0131na yap\u0131labilecek \u00e7al\u0131\u015fmalar \u00fczerinde fikir al\u0131\u015fveri\u015finde bulunduk.<\/p>\n\n\n\n<div class=\"wp-block-group is-nowrap is-layout-flex wp-container-core-group-is-layout-6c531013 wp-block-group-is-layout-flex\">\n<h1 class=\"wp-block-heading\"><\/h1>\n<\/div>\n\n\n\n<figure class=\"wp-block-image size-large\"><img loading=\"lazy\" decoding=\"async\" width=\"822\" height=\"1024\" src=\"https:\/\/ugard.org\/wp-content\/uploads\/2025\/04\/photo_2025-04-24_19-22-13-1-822x1024.jpg\" alt=\"\" class=\"wp-image-919\" srcset=\"https:\/\/ugard.org.tr\/wp-content\/uploads\/2025\/04\/photo_2025-04-24_19-22-13-1-822x1024.jpg 822w, https:\/\/ugard.org.tr\/wp-content\/uploads\/2025\/04\/photo_2025-04-24_19-22-13-1-241x300.jpg 241w, https:\/\/ugard.org.tr\/wp-content\/uploads\/2025\/04\/photo_2025-04-24_19-22-13-1-768x957.jpg 768w, https:\/\/ugard.org.tr\/wp-content\/uploads\/2025\/04\/photo_2025-04-24_19-22-13-1.jpg 828w\" sizes=\"auto, (max-width: 822px) 100vw, 822px\" \/><\/figure>\n","protected":false},"excerpt":{"rendered":"<p>26 Mart 2025\u2019te Ondokuz May\u0131s \u00dcniversitesi PDR b\u00f6l\u00fcm\u00fc akademisyeni ve Engelli Birimi koordinat\u00f6r\u00fc Meryem Vural Han\u0131m ile \u00fcniversitedeki eri\u015filebilirlik \u00fczerine verimli bir g\u00f6r\u00fc\u015fme ger\u00e7ekle\u015ftirdik. Ya\u015fam merkezindeki k\u0131lavuz yollar\u0131n sandalyelerle kapat\u0131lmas\u0131 ve rampalardaki yap\u0131sal sorunlar ba\u015fta olmak \u00fczere, iyile\u015ftirilmesi gereken alanlar\u0131 detayl\u0131ca de\u011ferlendirdik. De\u011fi\u015fim yap\u0131lacak alanlar not al\u0131nd\u0131. K\u0131lavuz yollar\u0131n daha i\u015flevsel hale getirilmesi ad\u0131na yap\u0131labilecek [&hellip;]<\/p>\n","protected":false},"author":1,"featured_media":919,"comment_status":"closed","ping_status":"open","sticky":false,"template":"","format":"standard","meta":{"footnotes":""},"categories":[10,9],"tags":[5,31,7,23,6,42,17],"class_list":["post-917","post","type-post","status-publish","format-standard","has-post-thumbnail","hentry","category-duyuru","category-haberler","tag-engelli-haklari","tag-erasmus","tag-genclik","tag-gonulluluk","tag-platform","tag-sivil-toplum","tag-uye"],"_links":{"self":[{"href":"https:\/\/ugard.org.tr\/index.php\/wp-json\/wp\/v2\/posts\/917","targetHints":{"allow":["GET"]}}],"collection":[{"href":"https:\/\/ugard.org.tr\/index.php\/wp-json\/wp\/v2\/posts"}],"about":[{"href":"https:\/\/ugard.org.tr\/index.php\/wp-json\/wp\/v2\/types\/post"}],"author":[{"embeddable":true,"href":"https:\/\/ugard.org.tr\/index.php\/wp-json\/wp\/v2\/users\/1"}],"replies":[{"embeddable":true,"href":"https:\/\/ugard.org.tr\/index.php\/wp-json\/wp\/v2\/comments?post=917"}],"version-history":[{"count":0,"href":"https:\/\/ugard.org.tr\/index.php\/wp-json\/wp\/v2\/posts\/917\/revisions"}],"wp:featuredmedia":[{"embeddable":true,"href":"https:\/\/ugard.org.tr\/index.php\/wp-json\/wp\/v2\/media\/919"}],"wp:attachment":[{"href":"https:\/\/ugard.org.tr\/index.php\/wp-json\/wp\/v2\/media?parent=917"}],"wp:term":[{"taxonomy":"category","embeddable":true,"href":"https:\/\/ugard.org.tr\/index.php\/wp-json\/wp\/v2\/categories?post=917"},{"taxonomy":"post_tag","embeddable":true,"href":"https:\/\/ugard.org.tr\/index.php\/wp-json\/wp\/v2\/tags?post=917"}],"curies":[{"name":"wp","href":"https:\/\/api.w.org\/{rel}","templated":true}]}}