{"id":950,"date":"2025-05-07T09:42:54","date_gmt":"2025-05-07T09:42:54","guid":{"rendered":"https:\/\/ugard.org\/?p=950"},"modified":"2025-05-07T09:42:55","modified_gmt":"2025-05-07T09:42:55","slug":"yakakent-belediye-baskani-dr-serafettin-aydogduyu-ziyaret-ettik","status":"publish","type":"post","link":"https:\/\/ugard.org.tr\/index.php\/2025\/05\/07\/yakakent-belediye-baskani-dr-serafettin-aydogduyu-ziyaret-ettik\/","title":{"rendered":"Yakakent Belediye Ba\u015fkan\u0131 Dr. \u015eerafettin Aydo\u011fdu\u2019yu ziyaret ettik."},"content":{"rendered":"\n<p>Uluslararas\u0131 Gen\u00e7 Aray\u0131\u015f Derne\u011fi olarak Yakakent Belediye Ba\u015fkan\u0131 Dr. \u015eerafettin Aydo\u011fdu\u2019yu ziyaret ederek dernek faaliyetlerimizden bahsettik. Birlikte Yakakent\u2019te gen\u00e7lik alan\u0131na dair neler yapabiliriz konusunda bilgi al\u0131\u015fveri\u015finde bulunduk. Kendilerine nazik kabulleri i\u00e7in te\u015fekk\u00fcr ederiz. #yakakent<\/p>\n\n\n\n<figure class=\"wp-block-image size-large\"><img loading=\"lazy\" decoding=\"async\" width=\"1024\" height=\"768\" src=\"https:\/\/ugard.org\/wp-content\/uploads\/2025\/05\/photo_2025-05-07_12-39-52-1024x768.jpg\" alt=\"\" class=\"wp-image-951\" srcset=\"https:\/\/ugard.org.tr\/wp-content\/uploads\/2025\/05\/photo_2025-05-07_12-39-52-1024x768.jpg 1024w, https:\/\/ugard.org.tr\/wp-content\/uploads\/2025\/05\/photo_2025-05-07_12-39-52-300x225.jpg 300w, https:\/\/ugard.org.tr\/wp-content\/uploads\/2025\/05\/photo_2025-05-07_12-39-52-768x576.jpg 768w, https:\/\/ugard.org.tr\/wp-content\/uploads\/2025\/05\/photo_2025-05-07_12-39-52.jpg 1280w\" sizes=\"auto, (max-width: 1024px) 100vw, 1024px\" \/><\/figure>\n","protected":false},"excerpt":{"rendered":"<p>Uluslararas\u0131 Gen\u00e7 Aray\u0131\u015f Derne\u011fi olarak Yakakent Belediye Ba\u015fkan\u0131 Dr. \u015eerafettin Aydo\u011fdu\u2019yu ziyaret ederek dernek faaliyetlerimizden bahsettik. Birlikte Yakakent\u2019te gen\u00e7lik alan\u0131na dair neler yapabiliriz konusunda bilgi al\u0131\u015fveri\u015finde bulunduk. Kendilerine nazik kabulleri i\u00e7in te\u015fekk\u00fcr ederiz. #yakakent<\/p>\n","protected":false},"author":1,"featured_media":951,"comment_status":"closed","ping_status":"open","sticky":false,"template":"","format":"standard","meta":{"footnotes":""},"categories":[10,9],"tags":[5,31,18,23,8,42],"class_list":["post-950","post","type-post","status-publish","format-standard","has-post-thumbnail","hentry","category-duyuru","category-haberler","tag-engelli-haklari","tag-erasmus","tag-gonullu","tag-gonulluluk","tag-savunuculuk","tag-sivil-toplum"],"_links":{"self":[{"href":"https:\/\/ugard.org.tr\/index.php\/wp-json\/wp\/v2\/posts\/950","targetHints":{"allow":["GET"]}}],"collection":[{"href":"https:\/\/ugard.org.tr\/index.php\/wp-json\/wp\/v2\/posts"}],"about":[{"href":"https:\/\/ugard.org.tr\/index.php\/wp-json\/wp\/v2\/types\/post"}],"author":[{"embeddable":true,"href":"https:\/\/ugard.org.tr\/index.php\/wp-json\/wp\/v2\/users\/1"}],"replies":[{"embeddable":true,"href":"https:\/\/ugard.org.tr\/index.php\/wp-json\/wp\/v2\/comments?post=950"}],"version-history":[{"count":0,"href":"https:\/\/ugard.org.tr\/index.php\/wp-json\/wp\/v2\/posts\/950\/revisions"}],"wp:featuredmedia":[{"embeddable":true,"href":"https:\/\/ugard.org.tr\/index.php\/wp-json\/wp\/v2\/media\/951"}],"wp:attachment":[{"href":"https:\/\/ugard.org.tr\/index.php\/wp-json\/wp\/v2\/media?parent=950"}],"wp:term":[{"taxonomy":"category","embeddable":true,"href":"https:\/\/ugard.org.tr\/index.php\/wp-json\/wp\/v2\/categories?post=950"},{"taxonomy":"post_tag","embeddable":true,"href":"https:\/\/ugard.org.tr\/index.php\/wp-json\/wp\/v2\/tags?post=950"}],"curies":[{"name":"wp","href":"https:\/\/api.w.org\/{rel}","templated":true}]}}